{"id":11006,"date":"2021-06-16T09:31:53","date_gmt":"2021-06-16T07:31:53","guid":{"rendered":"https:\/\/www.factorenergia.com\/ca\/?post_type=blog&#038;p=11006"},"modified":"2025-07-31T16:02:31","modified_gmt":"2025-07-31T14:02:31","slug":"quant-costa-carregar-un-cotxe-electric","status":"publish","type":"post","link":"https:\/\/www.factorenergia.com\/ca\/blog\/mobilitat-electrica\/quant-costa-carregar-un-cotxe-electric\/","title":{"rendered":"Quant costa carregar un cotxe el\u00e8ctric?"},"content":{"rendered":"<p style=\"text-align: justify;\">A l&#8217;hora de comprar vehicle el\u00e8ctric el dubte m\u00e9s com\u00fa entre els usuaris \u00e9s el cost de la instal\u00b7laci\u00f3 del punt de rec\u00e0rrega, per\u00f2 tamb\u00e9 \u00e9s important saber quant costa carregar un cotxe el\u00e8ctric. Aix\u00f2 ser\u00e0 el que ens permeti comparar el seu consum amb el d&#8217;un vehicle convencional.<\/p>\n<p style=\"text-align: justify;\">Encara que en general moure&#8217;s en vehicle el\u00e8ctric <strong>\u00e9s m\u00e9s barat que en un di\u00e8sel o gasolina<\/strong>, hem de tenir en compte diferents factors per a determinar el cost de la seva rec\u00e0rrega.<\/p>\n<p style=\"text-align: justify;\">Per a calcular quant costa repostar un vehicle convencional \u00e9s tant senzill com multiplicar el consum del cotxe pel preu del litre del combustible.<\/p>\n<p style=\"text-align: justify;\">No obstant aix\u00f2, en el cas dels vehicles el\u00e8ctrics, existeixen diferents variables a tenir en compte. D&#8217;aquesta manera, el cost de recarregar dependr\u00e0 de: <strong>el lloc en el qual es realitza<\/strong>, a casa o en un punt de rec\u00e0rrega p\u00fablic, <strong>del preu del kW\/h<\/strong> o <strong>de la pot\u00e8ncia a la qual es realitza<\/strong>, entre molts altres factors.<\/p>\n<p style=\"text-align: justify;\">\r\n<script type=\"text\/javascript\" async defer>\r\n\r\n    jQuery(document).ready(function(){\t\t\r\n\t\t\r\n\t});\r\n<\/script>\r\n\r\n<style>\r\n\t.block-interested_posts{\r\n        margin-top: 10px;\r\n        padding: 20px;\r\n        border: 2px solid #92C200;\r\n    }\r\n    .block-interested_posts ul{\r\n        margin-bottom:0px;\r\n    }\r\n    .block-interested_posts ul li{\r\n        margin-bottom:5px;\r\n    }\r\n    .block-interested_posts ul li a{\r\n        \/*color: #DF981E;*\/\r\n    }\r\n\r\n<\/style>\r\n\r\n<div class=\"block-interested_posts\">\r\n    <p><strong>Post que et poden interessar<\/strong><\/p>\r\n    <ul>\r\n                    <li><a href=\"https:\/\/www.factorenergia.com\/ca\/blog\/mobilitat-electrica\/punt-de-recarrega-cotxe-electric\/\" title=\"Punts de rec\u00e0rrega per a cotxes el\u00e8ctrics: tot el que necessites saber\">Punts de rec\u00e0rrega per a cotxes el\u00e8ctrics: tot el que necessites saber<\/a><\/li>\r\n                    <li><a href=\"https:\/\/www.factorenergia.com\/ca\/blog\/mobilitat-electrica\/plan-moves-iii-ajudes\/\" title=\"Plan MOVES III: ajudes per a punts de rec\u00e0rrega\">Plan MOVES III: ajudes per a punts de rec\u00e0rrega<\/a><\/li>\r\n            <\/ul>\t\r\n<\/div><\/p>\n<h2 style=\"font-size: 20px !important; color: #777777;\"><strong>On pots carregar el teu cotxe el\u00e8ctric?<\/strong><\/h2>\n<p style=\"text-align: justify;\">Saber quant costa carregar un cotxe el\u00e8ctric \u00e9s important, per\u00f2 tamb\u00e9 con\u00e8ixer on pots carregar-lo. En els \u00faltims anys, el nombre de punts de rec\u00e0rrega en la via p\u00fablica o centres comercials, s&#8217;ha multiplicat.<\/p>\n<p style=\"text-align: justify;\">Tamb\u00e9 existeixen les <strong>electrolineres<\/strong>, estacions que proporcionen electricitat per a la rec\u00e0rrega r\u00e0pida de les bateries dels vehicles el\u00e8ctrics. Aquestes ens permetran repostar el nostre cotxe durant les rutes m\u00e9s llargues.<\/p>\n<p style=\"text-align: justify;\">Ara b\u00e9, <strong>el lloc m\u00e9s important per a recarregar els nostres cotxes el\u00e8ctrics \u00e9s la nostra pr\u00f2pia casa<\/strong>. \u00c9s \u00e9s lloc on ser\u00e0 especialment f\u00e0cil recarregar el vehicle el\u00e8ctric; ja sigui instal\u00b7lant un punt de rec\u00e0rrega en un domicili unifamiliar amb garatge propi, o b\u00e9, en cas de viure en un pis, en el p\u00e0rquing comunitari.<\/p>\n<p style=\"text-align: justify;\"><div class=\"text-center center blog-cta\"><p>Instal&middot;la un punt de rec&agrave;rrega pel teu cotxe el&egrave;ctric amb factorenergia!<\/p><a class=\"blog-cta primary-btn text-center solicitar-estudio\" target=\"_blank\" title=\"SOL&sdot;LICITA UN ESTUDI GRATU&Iuml;T\" href=\"https:\/\/www.factorenergia.com\/ca\/llars\/punts-recarrega-electrics\/\">SOL&sdot;LICITA UN ESTUDI GRATU&Iuml;T<\/a><p><\/p><div style=\"display:none;\"><p>Instal&middot;la un punt de rec&agrave;rrega pel teu cotxe el&egrave;ctric amb factorenergia!<\/p><\/div>\n\t\t\t<script type='text\/javascript'>\n\t\t\t\tjQuery('.solicitar-estudio').click(function(){\t\t\t\t\t\t\t\t\t\n\t\t\t\t\tdataLayer.push({'language': 'ca'});\n\t\t\t\t\tdataLayer.push({'post_id': '11006'});\n\t\t\t\t\tdataLayer.push({'cat_type': 'ce'});\n\t\t\t\t});\n\t\t\t<\/script>\n\t\t<\/div><br\/><\/p>\n<p style=\"text-align: justify;\">Com ja hem explicat en anteriors post, els usuaris de vehicles el\u00e8ctrics <strong>poden rebre una subvenci\u00f3 de fins al 70% del cost total de la instal\u00b7laci\u00f3 del punt de rec\u00e0rrega<\/strong>. I, en el cas dels habitants de municipis de menys de 5.000 habitants, de fins al 80% del total. Aix\u00f2 si s&#8217;acullen al <a href=\"https:\/\/www.factorenergia.com\/ca\/blog\/mobilitat-electrica\/plan-moves-iii-ajudes\/\" title=\"Plan Moves III\" target=\"_blank\" rel=\"noopener noreferrer\">Plan Moves III<\/a>, que actualment t\u00e9 una vig\u00e8ncia fins al 31 de desembre de l&#8217;any 2023, sent un pressupost viu que s&#8217;anir\u00e0 refor\u00e7ant amb el pas dels anys.<\/p>\n<h2 style=\"font-size: 20px !important; color: #777777;\"><strong>La teva tarifa de llum per a cotxe el\u00e8ctric amb factorenergia<\/strong><\/h2>\n<p style=\"text-align: justify;\">Encara que el cost de carregar un vehicle el\u00e8ctric es tracta d&#8217;un valor variable, en factorenergia, <strong>volem ajudar-te a estalviar<\/strong> i posem a la teva disposici\u00f3 la <a href=\"https:\/\/www.factorenergia.com\/ca\/tarifas-de-llum\/\" title=\"tarifes el\u00e8ctriques\" target=\"_blank\" rel=\"noopener noreferrer\">tarifa de llum<\/a> que millor s&#8217;adapti a les teves necessitats energ\u00e8tiques.<\/p>\n<p style=\"text-align: justify;\">Si vols notar un estalvi a final de mes, et recomanem que <strong>concentris el teu consum el\u00e8ctric i recarreguis el teu vehicle en aquelles hores en les quals el quilowatt \u00e9s m\u00e9s barat, \u00e9s a dir, en les hores vall<\/strong>. Estalviar\u00e0s en la teva factura de la llum alhora que apostes per una mobilitat sostenible i respectuosa amb el medi ambient.<\/p>\n<p style=\"text-align: justify;\">Si tens dubtes pots trucar-nos al 900 377 538 o escriure un correu a carreteraelectrica@factorenergia.com. Tamb\u00e9 pots emplenar el nostre formulari web i t&#8217;enviarem, sense comprom\u00eds, una oferta personalitzada per a la instal\u00b7laci\u00f3 d&#8217;un punt de rec\u00e0rrega per al teu habitatge.<\/p>\n<p>&nbsp;<\/p>\n","protected":false},"excerpt":{"rendered":"<p>En un moment en el qual cada vegada \u00e9s m\u00e9s clar que el futur de la mobilitat \u00e9s el\u00e8ctric, \u00e9s probable que et preguntis quant costa carregar un cotxe el\u00e8ctric. En aquest post, donem resposta a aquest dubte i et donem consells per a estalviar en la teva factura de la llum.<\/p>\n","protected":false},"author":17,"featured_media":0,"comment_status":"open","ping_status":"closed","sticky":false,"template":"","format":"standard","meta":{"inline_featured_image":false,"footnotes":""},"categories":[64],"tags":[],"acf":{"fecha_de_la_entrada":"20210616","imagen_portada":29094,"categoria_blog":null,"tipo_de_distribuidora":null,"tiempo_lectura":"","banner_bool":false,"titulo_banner":"","texto_banner":"","texto_boton_banner":"","url_boton_banner":"","post_relacionados":""},"yoast_head":"<!-- This site is optimized with the Yoast SEO plugin v22.2 - https:\/\/yoast.com\/wordpress\/plugins\/seo\/ -->\n<title>Quant costa carregar un cotxe el\u00e8ctric? - factorenergia<\/title>\n<meta name=\"description\" content=\"La mobilitat el\u00e8ctrica est\u00e0 en auge, per\u00f2 tens dubtes sobre quant costa carregar un cotxe el\u00e8ctric? T&#039;expliquem tot en aquest post.\" \/>\n<meta name=\"robots\" content=\"index, follow, max-snippet:-1, max-image-preview:large, max-video-preview:-1\" \/>\n<link rel=\"canonical\" href=\"https:\/\/www.factorenergia.com\/ca\/blog\/mobilitat-electrica\/quant-costa-carregar-un-cotxe-electric\/\" \/>\n<meta name=\"twitter:card\" content=\"summary_large_image\" \/>\n<meta name=\"twitter:title\" content=\"Quant costa carregar un cotxe el\u00e8ctric? - factorenergia\" \/>\n<meta name=\"twitter:description\" content=\"La mobilitat el\u00e8ctrica est\u00e0 en auge, per\u00f2 tens dubtes sobre quant costa carregar un cotxe el\u00e8ctric? T&#039;expliquem tot en aquest post.\" \/>\n<meta name=\"twitter:creator\" content=\"@factorenergia\" \/>\n<meta name=\"twitter:site\" content=\"@factorenergia\" \/>\n<meta name=\"twitter:label1\" content=\"Written by\" \/>\n\t<meta name=\"twitter:data1\" content=\"Equipo Transici\u00f3n Energ\u00e9tica Factorenergia\" \/>\n\t<meta name=\"twitter:label2\" content=\"Est. reading time\" \/>\n\t<meta name=\"twitter:data2\" content=\"3 minutes\" \/>\n<script type=\"application\/ld+json\" class=\"yoast-schema-graph\">{\"@context\":\"https:\/\/schema.org\",\"@graph\":[{\"@type\":\"WebPage\",\"@id\":\"https:\/\/www.factorenergia.com\/ca\/blog\/mobilitat-electrica\/quant-costa-carregar-un-cotxe-electric\/\",\"url\":\"https:\/\/www.factorenergia.com\/ca\/blog\/mobilitat-electrica\/quant-costa-carregar-un-cotxe-electric\/\",\"name\":\"Quant costa carregar un cotxe el\u00e8ctric? - factorenergia\",\"isPartOf\":{\"@id\":\"https:\/\/www.factorenergia.com\/es\/#website\"},\"datePublished\":\"2021-06-16T07:31:53+00:00\",\"dateModified\":\"2025-07-31T14:02:31+00:00\",\"author\":{\"@id\":\"https:\/\/www.factorenergia.com\/es\/#\/schema\/person\/dff9e4b6dc520720e3a37bdaaedc5841\"},\"description\":\"La mobilitat el\u00e8ctrica est\u00e0 en auge, per\u00f2 tens dubtes sobre quant costa carregar un cotxe el\u00e8ctric? T'expliquem tot en aquest post.\",\"breadcrumb\":{\"@id\":\"https:\/\/www.factorenergia.com\/ca\/blog\/mobilitat-electrica\/quant-costa-carregar-un-cotxe-electric\/#breadcrumb\"},\"inLanguage\":\"ca\",\"potentialAction\":[{\"@type\":\"ReadAction\",\"target\":[\"https:\/\/www.factorenergia.com\/ca\/blog\/mobilitat-electrica\/quant-costa-carregar-un-cotxe-electric\/\"]}]},{\"@type\":\"BreadcrumbList\",\"@id\":\"https:\/\/www.factorenergia.com\/ca\/blog\/mobilitat-electrica\/quant-costa-carregar-un-cotxe-electric\/#breadcrumb\",\"itemListElement\":[{\"@type\":\"ListItem\",\"position\":1,\"name\":\"Portada\",\"item\":\"https:\/\/www.factorenergia.com\/ca\/\"},{\"@type\":\"ListItem\",\"position\":2,\"name\":\"Quant costa carregar un cotxe el\u00e8ctric?\"}]},{\"@type\":\"WebSite\",\"@id\":\"https:\/\/www.factorenergia.com\/es\/#website\",\"url\":\"https:\/\/www.factorenergia.com\/es\/\",\"name\":\"factorenergia\",\"description\":\"factorenergia\",\"potentialAction\":[{\"@type\":\"SearchAction\",\"target\":{\"@type\":\"EntryPoint\",\"urlTemplate\":\"https:\/\/www.factorenergia.com\/es\/?s={search_term_string}\"},\"query-input\":\"required name=search_term_string\"}],\"inLanguage\":\"ca\"},{\"@type\":\"Person\",\"@id\":\"https:\/\/www.factorenergia.com\/es\/#\/schema\/person\/dff9e4b6dc520720e3a37bdaaedc5841\",\"name\":\"Equipo Transici\u00f3n Energ\u00e9tica Factorenergia\",\"image\":{\"@type\":\"ImageObject\",\"inLanguage\":\"ca\",\"@id\":\"https:\/\/www.factorenergia.com\/es\/#\/schema\/person\/image\/\",\"url\":\"https:\/\/secure.gravatar.com\/avatar\/1b7c76bab80ee1c4261b06108874e24b?s=96&d=mm&r=g\",\"contentUrl\":\"https:\/\/secure.gravatar.com\/avatar\/1b7c76bab80ee1c4261b06108874e24b?s=96&d=mm&r=g\",\"caption\":\"Equipo Transici\u00f3n Energ\u00e9tica Factorenergia\"},\"description\":\"El equipo est\u00e1 formado por expertos en materia de Luz, Gas y Eficiencia Energ\u00e9tica, que conocen de primera mano las tendencias del mercado. Su experiencia en el sector les permite ofrecer las mejores soluciones energ\u00e9ticas y resolver las dudas planteadas por los clientes.\",\"sameAs\":[\"https:\/\/www.factorenergia.com\/es\/\",\"https:\/\/www.facebook.com\/factorenergiacom\",\"https:\/\/www.instagram.com\/factorenergia_com\/\",\"https:\/\/es.linkedin.com\/company\/factor-energia\",\"https:\/\/twitter.com\/factorenergia\",\"https:\/\/www.youtube.com\/c\/factorenergiacom\"],\"url\":\"https:\/\/www.factorenergia.com\/ca\/blog\/author\/marketing\/\"}]}<\/script>\n<!-- \/ Yoast SEO plugin. -->","yoast_head_json":{"title":"Quant costa carregar un cotxe el\u00e8ctric? - factorenergia","description":"La mobilitat el\u00e8ctrica est\u00e0 en auge, per\u00f2 tens dubtes sobre quant costa carregar un cotxe el\u00e8ctric? T'expliquem tot en aquest post.","robots":{"index":"index","follow":"follow","max-snippet":"max-snippet:-1","max-image-preview":"max-image-preview:large","max-video-preview":"max-video-preview:-1"},"canonical":"https:\/\/www.factorenergia.com\/ca\/blog\/mobilitat-electrica\/quant-costa-carregar-un-cotxe-electric\/","twitter_card":"summary_large_image","twitter_title":"Quant costa carregar un cotxe el\u00e8ctric? - factorenergia","twitter_description":"La mobilitat el\u00e8ctrica est\u00e0 en auge, per\u00f2 tens dubtes sobre quant costa carregar un cotxe el\u00e8ctric? T'expliquem tot en aquest post.","twitter_creator":"@factorenergia","twitter_site":"@factorenergia","twitter_misc":{"Written by":"Equipo Transici\u00f3n Energ\u00e9tica Factorenergia","Est. reading time":"3 minutes"},"schema":{"@context":"https:\/\/schema.org","@graph":[{"@type":"WebPage","@id":"https:\/\/www.factorenergia.com\/ca\/blog\/mobilitat-electrica\/quant-costa-carregar-un-cotxe-electric\/","url":"https:\/\/www.factorenergia.com\/ca\/blog\/mobilitat-electrica\/quant-costa-carregar-un-cotxe-electric\/","name":"Quant costa carregar un cotxe el\u00e8ctric? - factorenergia","isPartOf":{"@id":"https:\/\/www.factorenergia.com\/es\/#website"},"datePublished":"2021-06-16T07:31:53+00:00","dateModified":"2025-07-31T14:02:31+00:00","author":{"@id":"https:\/\/www.factorenergia.com\/es\/#\/schema\/person\/dff9e4b6dc520720e3a37bdaaedc5841"},"description":"La mobilitat el\u00e8ctrica est\u00e0 en auge, per\u00f2 tens dubtes sobre quant costa carregar un cotxe el\u00e8ctric? T'expliquem tot en aquest post.","breadcrumb":{"@id":"https:\/\/www.factorenergia.com\/ca\/blog\/mobilitat-electrica\/quant-costa-carregar-un-cotxe-electric\/#breadcrumb"},"inLanguage":"ca","potentialAction":[{"@type":"ReadAction","target":["https:\/\/www.factorenergia.com\/ca\/blog\/mobilitat-electrica\/quant-costa-carregar-un-cotxe-electric\/"]}]},{"@type":"BreadcrumbList","@id":"https:\/\/www.factorenergia.com\/ca\/blog\/mobilitat-electrica\/quant-costa-carregar-un-cotxe-electric\/#breadcrumb","itemListElement":[{"@type":"ListItem","position":1,"name":"Portada","item":"https:\/\/www.factorenergia.com\/ca\/"},{"@type":"ListItem","position":2,"name":"Quant costa carregar un cotxe el\u00e8ctric?"}]},{"@type":"WebSite","@id":"https:\/\/www.factorenergia.com\/es\/#website","url":"https:\/\/www.factorenergia.com\/es\/","name":"factorenergia","description":"factorenergia","potentialAction":[{"@type":"SearchAction","target":{"@type":"EntryPoint","urlTemplate":"https:\/\/www.factorenergia.com\/es\/?s={search_term_string}"},"query-input":"required name=search_term_string"}],"inLanguage":"ca"},{"@type":"Person","@id":"https:\/\/www.factorenergia.com\/es\/#\/schema\/person\/dff9e4b6dc520720e3a37bdaaedc5841","name":"Equipo Transici\u00f3n Energ\u00e9tica Factorenergia","image":{"@type":"ImageObject","inLanguage":"ca","@id":"https:\/\/www.factorenergia.com\/es\/#\/schema\/person\/image\/","url":"https:\/\/secure.gravatar.com\/avatar\/1b7c76bab80ee1c4261b06108874e24b?s=96&d=mm&r=g","contentUrl":"https:\/\/secure.gravatar.com\/avatar\/1b7c76bab80ee1c4261b06108874e24b?s=96&d=mm&r=g","caption":"Equipo Transici\u00f3n Energ\u00e9tica Factorenergia"},"description":"El equipo est\u00e1 formado por expertos en materia de Luz, Gas y Eficiencia Energ\u00e9tica, que conocen de primera mano las tendencias del mercado. Su experiencia en el sector les permite ofrecer las mejores soluciones energ\u00e9ticas y resolver las dudas planteadas por los clientes.","sameAs":["https:\/\/www.factorenergia.com\/es\/","https:\/\/www.facebook.com\/factorenergiacom","https:\/\/www.instagram.com\/factorenergia_com\/","https:\/\/es.linkedin.com\/company\/factor-energia","https:\/\/twitter.com\/factorenergia","https:\/\/www.youtube.com\/c\/factorenergiacom"],"url":"https:\/\/www.factorenergia.com\/ca\/blog\/author\/marketing\/"}]}},"_links":{"self":[{"href":"https:\/\/www.factorenergia.com\/ca\/wp-json\/wp\/v2\/posts\/11006"}],"collection":[{"href":"https:\/\/www.factorenergia.com\/ca\/wp-json\/wp\/v2\/posts"}],"about":[{"href":"https:\/\/www.factorenergia.com\/ca\/wp-json\/wp\/v2\/types\/post"}],"author":[{"embeddable":true,"href":"https:\/\/www.factorenergia.com\/ca\/wp-json\/wp\/v2\/users\/17"}],"replies":[{"embeddable":true,"href":"https:\/\/www.factorenergia.com\/ca\/wp-json\/wp\/v2\/comments?post=11006"}],"version-history":[{"count":4,"href":"https:\/\/www.factorenergia.com\/ca\/wp-json\/wp\/v2\/posts\/11006\/revisions"}],"predecessor-version":[{"id":29097,"href":"https:\/\/www.factorenergia.com\/ca\/wp-json\/wp\/v2\/posts\/11006\/revisions\/29097"}],"wp:attachment":[{"href":"https:\/\/www.factorenergia.com\/ca\/wp-json\/wp\/v2\/media?parent=11006"}],"wp:term":[{"taxonomy":"category","embeddable":true,"href":"https:\/\/www.factorenergia.com\/ca\/wp-json\/wp\/v2\/categories?post=11006"},{"taxonomy":"post_tag","embeddable":true,"href":"https:\/\/www.factorenergia.com\/ca\/wp-json\/wp\/v2\/tags?post=11006"}],"curies":[{"name":"wp","href":"https:\/\/api.w.org\/{rel}","templated":true}]}}