{"id":10983,"date":"2021-06-09T11:09:36","date_gmt":"2021-06-09T09:09:36","guid":{"rendered":"https:\/\/www.factorenergia.com\/ca\/?post_type=blog&#038;p=10983"},"modified":"2025-07-25T14:09:00","modified_gmt":"2025-07-25T12:09:00","slug":"quant-consumeix-laire-condicionat","status":"publish","type":"post","link":"https:\/\/www.factorenergia.com\/ca\/blog\/apren-a-estalviar\/quant-consumeix-laire-condicionat\/","title":{"rendered":"Quant consumeix l&#8217;aire condicionat?"},"content":{"rendered":"<p><span>\n<script type=\"text\/javascript\" id=\"auto-index\" async defer>\n\n      function indexContent(context){\n\n      var container = document.querySelector(context);\n\n      element = document.getElementById(\"accordion-index\");\n      var titles = Array.from(container.querySelectorAll(\"h2,h3,h4\"));\n\n      for (var i = 0, l = titles.length; i < l; i++) {\n\n\t\tjQuery('#accordionIndex').show();\n\n        var tit = titles[i];\n\t\tvar newTitle = tit.textContent.toLowerCase().replace(\/[^a-zA-Z ]\/g, \"\").replace(\/\\s\/g, '-');\n\t\tvar numTag = Number(tit.tagName.replace(\/[^1-9]\/g, \"\"));\n\t\tvar tagWidth = (numTag*20);\n\n\t\tvar preText = '<span style=\"margin-left:' + tagWidth + 'px\"><\/span>';\n\n        tit.setAttribute(\"id\", newTitle);\n\t\tjQuery(tit).addClass('h-inline');\n\t\t\n\t\tvar toIndex = '<p class=\"h-inline\"><a class=\"blog-toindex\" href=\"#accordionIndex\"><span class=\"glyphicon glyphicon-chevron-up\" aria-hidden=\"true\"><\/span><\/a><\/p>';\n\n\t\tjQuery(toIndex).insertAfter(tit);\n\n        var node = document.createElement(\"LI\");                 \n        var link = document.createElement(\"A\");\n        var textnode = document.createTextNode(tit.textContent);\n\n        link.appendChild(textnode);\n        link.setAttribute(\"href\", '#' + newTitle);\n\t\t\/\/link.setAttribute(\"style\", \"margin-left:\" + tagWidth + \"px\");\n\t\tlink.setAttribute(\"class\", \"acc-h\" + numTag);\n        node.appendChild(link);\n\n        element.appendChild(node);\n\n      }\n    }\n\n    jQuery(document).ready(function(){\t\t\n\t\tindexContent(\".single-post-content\");\n\n\t\tjQuery(\".accordion-toggle\").click(function() {\n\t\t\tjQuery(this).toggleClass(\"open\");\n\t\t\tjQuery(\"#collapseIndex\").slideToggle(\"in\");\n\t\t});\n\t});\n\n\n<\/script>\n\n<style>\n\t.accordion-toggle{\n\t\tcursor:pointer;\n\t}\n\n\t#accordionIndex .panel-heading{\n\t\tmargin-bottom:0px;\n\t}\n\n\t.articulo ul, .articulo ol{\n\t\tmargin-bottom:auto;\n\t}\n\n\t.h-inline{\n\t\tdisplay: inline-flex;\n\t\tflex-wrap: wrap\n\t}\n\t#accordion-index{\n\t\tpadding-left:0px;\n\t}\n\t#accordion-index li a{\n\t\tdisplay:block;\n\t\tpadding-top:5px;\n\t}\n\n\t.acc-h2{\n\t\tmargin-left:0px;\n\t\tposition: relative;\n\t}\n\n\t.acc-h3{\n\t\tmargin-left:25px;\n\t}\n\n\t.acc-h3::before{\n\t\tcontent: \"\";\n\t\tbackground-color:var(--blue-light);\n\t\tmargin-left:-10px;\n\t\twidth: 7px;\n\t\theight: 7px;\n\t\tdisplay: inline-block;\n\t\ttext-align: center;\n\t\tborder-radius: 1000px;\n\t\tmargin-right: 10px;\n    \tmargin-bottom: 2px;\n\t}\n\n\t.acc-h4{\n\t\tmargin-left:40px;\n\t}\n\n\t.acc-h4::before{\n\t\tcontent: \"\";\n\t\tborder: 1px solid var(--blue-light);\n\t\tmargin-left:-5px;\n\t\twidth: 7px;\n\t\theight: 7px;\n\t\tdisplay: inline-block;\n\t\ttext-align: center;\n\t\tborder-radius: 100%;\n\t\tmargin-right: 10px;\n    \tmargin-bottom: 2px;\n\t}\n\n\t.acc-h3:hover::before{\n\t\tbackground-color: var(--blue-darkest);\n\t}\n\n\t.acc-h4:hover::before{\n\t\tborder-color: var(--blue-darkest);\n\t}\n\n\t@media (max-width: 992px){\n\t\t.acc-h2{\n\t\t\tmargin-left:0px;\n\t\t}\n\t\t.acc-h3{\n\t\t\tmargin-left:20px;\n\t\t}\n\t\t.acc-h4{\n\t\t\tmargin-left:40px;\n\t\t}\n\t}\n\n\t\/*\n\th2.h-inline:after,\n\th3.h-inline:after{\n\t\theight: 24px;\n\t\tcontent: \"\";\n\t\tdisplay: table-row;\n\t}*\/\n<\/style>\n\n<div id=\"table-accordion-index\">\n\t<div class=\"panel-group\" id=\"accordionIndex\">\n\t\t<div class=\"panel panel-default\">\n\t\t\t<div class=\"panel-heading\">\n\t\t\t\t<div class=\"panel-title open\"><div class=\"accordion-toggle\" data-toggle=\"collapse\" data-parent=\"#accordion\" aria-expanded=\"true\">\u00edndex<\/div><\/div>\n\t\t\t<\/div>\n\t\t\t<div id=\"collapseIndex\" class=\"panel-collapse collapse in\" aria-expanded=\"true\">\n\t\t\t\t<div class=\"panel-body\">\n\t\t\t\t\t<ul id=\"accordion-index\">\n\t\t\t\t\t<\/ul>\n\t\t\t\t<\/div>\n\t\t\t<\/div>\n\t\t<\/div>\n\t<\/div>\n<\/div><\/span><\/p>\n<p style=\"text-align: justify;\">Sempre ens han dit que gasta molt, per\u00f2 quant exactament? Deixant enrere els mites, en aquest post t&#8217;explicarem, amb un exemple, quant consumeix l&#8217;aire condicionat.<\/p>\n<p style=\"text-align: justify;\">Com amb qualsevol electrodom\u00e8stic, el voltatge que requereix un aparell d&#8217;aire condicionat \u00e9s diferent per a cada model. Alguns requereixen 600W, mentre que uns altres 4000W o m\u00e9s, i aix\u00f2 en part determinar\u00e0 el seu consum.<\/p>\n<h2 style=\"font-size: 20px !important; color: #777777;\"><strong>Calculem quant consumeix l&#8217;aire condicionat<\/strong><\/h2>\n<p style=\"text-align: justify;\">Pensant en un aire condicionat est\u00e0ndard de 2000W, o el que \u00e9s el mateix, 2KW, i que aquest estigu\u00e9s enc\u00e8s 8h cada dia, el seu consum seria:<\/p>\n<p style=\"text-align: justify;\">2KW x 8h enc\u00e8s al dia= 16kWh \/ dia<\/p>\n<p style=\"text-align: justify;\">16kWh x 30 dies (un mes) = 480kWh\/mes<\/p>\n<p style=\"text-align: justify;\">Aquestes xifres s\u00f3n orientatives. A elles cal sumar el terme pot\u00e8ncia \u2013que \u00e9s fix-, el lloguer del comptador (en alguns casos) i la resta d&#8217;impostos que seran els que, en realitat, determinaran el <a href=\"https:\/\/www.factorenergia.com\/ca\/llars\/tarifas\/preu-variable\/\"><\/a><a href=\"https:\/\/www.factorenergia.com\/ca\/llars\/tarifas\/preu-variable\/\" target=\"_blank\" rel=\"noopener\">preu de la llum<\/a> final.<\/p>\n<p style=\"text-align: justify;\"><div class=\"text-center center blog-cta\"><p>Canvia't a factorenergia i estalvia un 12'5% a la Factura de la Llum ... Per Sempre!<\/p><a class=\"blog-cta primary-btn text-center solicitar-estudio\" target=\"_blank\" title=\"Truca Gratis o Contracta Online en 2 min\" href=\"https:\/\/www.factorenergia.com\/ca\/canvia-de-companyia\/\">Truca Gratis o Contracta Online en 2 min<\/a><p><\/p><div style=\"display:none;\"><p>Canvia't a factorenergia i estalvia un 12'5% a la Factura de la Llum ... Per Sempre!<\/p><\/div>\n\t\t\t<script type='text\/javascript'>\n\t\t\t\tjQuery('.solicitar-estudio').click(function(){\t\t\t\t\t\t\t\t\t\n\t\t\t\t\tdataLayer.push({'language': 'ca'});\n\t\t\t\t\tdataLayer.push({'post_id': '10983'});\n\t\t\t\t\tdataLayer.push({'cat_type': 'luz'});\n\t\t\t\t});\n\t\t\t<\/script>\n\t\t<\/div><br\/><\/p>\n<h3 style=\"font-size: 20px !important; color: #777777;\"><strong>Consells per a estalviar energia amb l&#8217;aire condicionat<\/strong><\/h3>\n<p style=\"text-align: justify;\">Com has vist, el consum de l&#8217;aire condicionat <strong>dependr\u00e0 dels KW que consumeixi i l&#8217;\u00fas que facis d&#8217;ell<\/strong>. Est\u00e0 clar que mai el tindrem funcionant durant les 24 hores del dia ni sempre a 18 graus, per\u00f2 segons en quina ciutat vius, l&#8217;orientaci\u00f3 de casa teva o si passes molt temps en ella influir\u00e0 en el seu \u00fas.<\/p>\n<p style=\"text-align: justify;\">\u00c9s per aix\u00f2 que, centrant-nos en el seu \u00fas, et donem alguns consells perqu\u00e8 no es dispari la teva factura de la llum:<\/p>\n<ul>\n<li style=\"text-align: justify;\">\n<h4><strong>Calcula la superf\u00edcie a refredar<\/strong><\/h4>\n<\/li>\n<\/ul>\n<p style=\"text-align: justify;\">Per a reduir el consum de l&#8217;aire condicionat, \u00e9s important saber quina \u00e9s la superf\u00edcie que volem refredar per a encertar en la compra de l&#8217;aparell. La superf\u00edcie a condicionar ens assenyalar\u00e0 la pot\u00e8ncia necess\u00e0ria, perqu\u00e8 aquest trigui menys a refredar l&#8217;espai de la casa i no necessiti molta for\u00e7a per a aconseguir la temperatura desitjada. Aix\u00f2 suposar\u00e0 un estalvi en la teva factura de la llum i tamb\u00e9 en la compra de l&#8217;aparell.<\/p>\n<p style=\"text-align: justify;\"><a href=\"https:\/\/www.factorenergia.com\/wp-content\/uploads\/2021\/06\/Diseno-sin-titulo-4.jpg\"><picture><source srcset=\"https:\/\/www.factorenergia.com\/wp-content\/webp-express\/webp-images\/uploads\/2021\/06\/Diseno-sin-titulo-4-300x169.jpg.webp 300w, https:\/\/www.factorenergia.com\/wp-content\/webp-express\/webp-images\/uploads\/2021\/06\/Diseno-sin-titulo-4-1024x576.jpg.webp 1024w, https:\/\/www.factorenergia.com\/wp-content\/webp-express\/webp-images\/uploads\/2021\/06\/Diseno-sin-titulo-4-768x432.jpg.webp 768w, https:\/\/www.factorenergia.com\/wp-content\/webp-express\/webp-images\/uploads\/2021\/06\/Diseno-sin-titulo-4-1536x864.jpg.webp 1536w, https:\/\/www.factorenergia.com\/wp-content\/webp-express\/webp-images\/uploads\/2021\/06\/Diseno-sin-titulo-4-2048x1152.jpg.webp 2048w, https:\/\/www.factorenergia.com\/wp-content\/webp-express\/webp-images\/uploads\/2021\/06\/Diseno-sin-titulo-4-306x172.jpg.webp 306w, https:\/\/www.factorenergia.com\/wp-content\/webp-express\/webp-images\/uploads\/2021\/06\/Diseno-sin-titulo-4-90x51.jpg.webp 90w, https:\/\/www.factorenergia.com\/wp-content\/webp-express\/webp-images\/uploads\/2021\/06\/Diseno-sin-titulo-4-170x96.jpg.webp 170w, https:\/\/www.factorenergia.com\/wp-content\/webp-express\/webp-images\/uploads\/2021\/06\/Diseno-sin-titulo-4-640x360.jpg.webp 640w, https:\/\/www.factorenergia.com\/wp-content\/webp-express\/webp-images\/uploads\/2021\/06\/Diseno-sin-titulo-4-500x281.jpg.webp 500w\" sizes=\"(max-width: 756px) 100vw, 756px\" type=\"image\/webp\"><img loading=\"lazy\" decoding=\"async\" src=\"https:\/\/www.factorenergia.com\/wp-content\/uploads\/2021\/06\/Diseno-sin-titulo-4-300x169.jpg\" alt=\"\" width=\"756\" height=\"426\" class=\"alignnone wp-image-28352 webpexpress-processed\" srcset=\"https:\/\/www.factorenergia.com\/wp-content\/uploads\/2021\/06\/Diseno-sin-titulo-4-300x169.jpg 300w, https:\/\/www.factorenergia.com\/wp-content\/uploads\/2021\/06\/Diseno-sin-titulo-4-1024x576.jpg 1024w, https:\/\/www.factorenergia.com\/wp-content\/uploads\/2021\/06\/Diseno-sin-titulo-4-768x432.jpg 768w, https:\/\/www.factorenergia.com\/wp-content\/uploads\/2021\/06\/Diseno-sin-titulo-4-1536x864.jpg 1536w, https:\/\/www.factorenergia.com\/wp-content\/uploads\/2021\/06\/Diseno-sin-titulo-4-2048x1152.jpg 2048w, https:\/\/www.factorenergia.com\/wp-content\/uploads\/2021\/06\/Diseno-sin-titulo-4-306x172.jpg 306w, https:\/\/www.factorenergia.com\/wp-content\/uploads\/2021\/06\/Diseno-sin-titulo-4-90x51.jpg 90w, https:\/\/www.factorenergia.com\/wp-content\/uploads\/2021\/06\/Diseno-sin-titulo-4-170x96.jpg 170w, https:\/\/www.factorenergia.com\/wp-content\/uploads\/2021\/06\/Diseno-sin-titulo-4-640x360.jpg 640w, https:\/\/www.factorenergia.com\/wp-content\/uploads\/2021\/06\/Diseno-sin-titulo-4-500x281.jpg 500w\" sizes=\"(max-width: 756px) 100vw, 756px\"><\/picture><\/a><\/p>\n<ul>\n<li style=\"text-align: justify;\">\n<h4><strong>Utilitza cortines i persianes<\/strong><\/h4>\n<\/li>\n<\/ul>\n<p style=\"text-align: justify;\">Si tens cortines i persianes, utilitza-les perqu\u00e8 entre menys el sol directament i que la casa estigui m\u00e9s fresca. Tamb\u00e9, \u00e9s necessari tancar portes i finestres per a evitar que entri la calor de fora. No t\u00e9 cap sentit tenir enc\u00e8s l&#8217;aire condicionat si no vas amb compte amb aquestes coses.<\/p>\n<ul>\n<li style=\"text-align: justify;\">\n<h4><strong>Ajusta la temperatura<\/strong><\/h4>\n<\/li>\n<\/ul>\n<p style=\"text-align: justify;\">Estem a l&#8217;estiu i una mica de calor hem de passar; no pots pretendre que casa teva sigui una nevera. L&#8217;aconsellable \u00e9s mantenir una temperatura entre 24 i 26 graus. Oblida&#8217;t de posar-te un jersei per casa o dormir tapat a les nits; \u00e9s estiu.<\/p>\n<ul>\n<li style=\"text-align: justify;\">\n<h4><strong>Apaga-ho per a dormir<\/strong><\/h4>\n<\/li>\n<\/ul>\n<p style=\"text-align: justify;\">\u00c9s recomanable que refresquis l&#8217;habitaci\u00f3 un parell d&#8217;hores abans o programar l&#8217;aire condicionat perqu\u00e8 s&#8217;apagui en un parell d&#8217;hores, despr\u00e9s de ficar-te al llit. Quan dorms, el teu metabolisme s&#8217;adapta millor a temperatures de 26 graus o m\u00e9s.<\/p>\n<p style=\"text-align: justify;\">\r\n<script type=\"text\/javascript\" async defer>\r\n\r\n    jQuery(document).ready(function(){\t\t\r\n\t\t\r\n\t});\r\n<\/script>\r\n\r\n<style>\r\n\t.block-interested_posts{\r\n        margin-top: 10px;\r\n        padding: 20px;\r\n        border: 2px solid #92C200;\r\n    }\r\n    .block-interested_posts ul{\r\n        margin-bottom:0px;\r\n    }\r\n    .block-interested_posts ul li{\r\n        margin-bottom:5px;\r\n    }\r\n    .block-interested_posts ul li a{\r\n        \/*color: #DF981E;*\/\r\n    }\r\n\r\n<\/style>\r\n\r\n<div class=\"block-interested_posts\">\r\n    <p><strong>Post que et poden interessar<\/strong><\/p>\r\n    <ul>\r\n                    <li><a href=\"https:\/\/www.factorenergia.com\/ca\/blog\/apren-a-estalviar\/com-estalviar-llum-amb-la-nevera\/\" title=\"Com estalviar llum amb la nevera de casa\">Com estalviar llum amb la nevera de casa<\/a><\/li>\r\n                    <li><a href=\"https:\/\/www.factorenergia.com\/ca\/blog\/apren-a-estalviar\/com-escollir-il%c2%b7luminacio-led\/\" title=\"Factors a tenir en compte al escollir il\u00b7luminaci\u00f3 LED\">Factors a tenir en compte al escollir il\u00b7luminaci\u00f3 LED<\/a><\/li>\r\n            <\/ul>\t\r\n<\/div><\/p>\n<h3 style=\"font-size: 20px !important; color: #777777;\"><strong>Llavors\u2026 Aire condicionat s\u00ed o no a l&#8217;estiu?<\/strong><\/h3>\n<p style=\"text-align: justify;\">En conclusi\u00f3, s\u00ed, per\u00f2 amb moderaci\u00f3 i seguint els <strong>consells d&#8217;estalvi<\/strong> que hem compartit amb tu. <span>A m\u00e9s t&#8217;oferim m\u00e9s <a href=\"https:\/\/www.factorenergia.com\/ca\/blog\/apren-a-estalviar\/consells-per-estalviar-energia-casa\/\"><\/a><a href=\"https:\/\/www.factorenergia.com\/ca\/blog\/apren-a-estalviar\/consells-per-estalviar-energia-casa\/\" target=\"_blank\" rel=\"noopener\">consells per a estalviar energia a casa<\/a> i<\/span> recorda que \u00e9s molt important fer un <strong>\u00fas responsable de l&#8217;electricitat<\/strong> per a no portar-te un ensurt a final de mes i al mateix temps cuidar del planeta.<\/p>\n<p style=\"text-align: justify;\">I si el que est\u00e0s buscant \u00e9s una <a href=\"https:\/\/www.factorenergia.com\/ca\/tarifas-de-llum\/\" title=\"tarifa de llum\" target=\"_blank\" rel=\"noopener noreferrer\">tarifa de llum<\/a> que et permeti estalviar, truca&#8217;ns al 900 850 000 o contacta&#8217;ns online i estarem encantats d&#8217;assessorar-te oferint-te les <strong>millors tarifes del mercat<\/strong>.<\/p>\n<p>&nbsp;<\/p>\n","protected":false},"excerpt":{"rendered":"<p>El consum de l&#8217;aire condicionat es dispara amb l&#8217;arribada de l&#8217;estiu. Si et preocupa com pot afectar la teva factura de la llum, et donem alguns consells perqu\u00e8 puguis encendre-ho sense preocupar-te. Som-hi!<\/p>\n","protected":false},"author":17,"featured_media":0,"comment_status":"open","ping_status":"closed","sticky":false,"template":"","format":"standard","meta":{"inline_featured_image":false,"footnotes":""},"categories":[55],"tags":[],"acf":{"fecha_de_la_entrada":"20210609","imagen_portada":6124,"categoria_blog":null,"tipo_de_distribuidora":null,"tiempo_lectura":"","banner_bool":false,"titulo_banner":"","texto_banner":"","texto_boton_banner":"","url_boton_banner":"","post_relacionados":""},"yoast_head":"<!-- This site is optimized with the Yoast SEO plugin v22.2 - https:\/\/yoast.com\/wordpress\/plugins\/seo\/ -->\n<title>Quant consumeix l&#039;aire condicionat? - factorenergia<\/title>\n<meta name=\"description\" content=\"T&#039;expliquem quant consumeix l&#039;aire condicionat i et donem alguns consells per a estalviar en la teva factura de la llum. Descobreix-los!\" \/>\n<meta name=\"robots\" content=\"index, follow, max-snippet:-1, max-image-preview:large, max-video-preview:-1\" \/>\n<link rel=\"canonical\" href=\"https:\/\/www.factorenergia.com\/ca\/blog\/apren-a-estalviar\/quant-consumeix-laire-condicionat\/\" \/>\n<meta name=\"twitter:card\" content=\"summary_large_image\" \/>\n<meta name=\"twitter:title\" content=\"Quant consumeix l&#039;aire condicionat? - factorenergia\" \/>\n<meta name=\"twitter:description\" content=\"T&#039;expliquem quant consumeix l&#039;aire condicionat i et donem alguns consells per a estalviar en la teva factura de la llum. Descobreix-los!\" \/>\n<meta name=\"twitter:image\" content=\"https:\/\/www.factorenergia.com\/wp-content\/uploads\/2021\/06\/Diseno-sin-titulo-4-300x169.jpg\" \/>\n<meta name=\"twitter:creator\" content=\"@factorenergia\" \/>\n<meta name=\"twitter:site\" content=\"@factorenergia\" \/>\n<meta name=\"twitter:label1\" content=\"Written by\" \/>\n\t<meta name=\"twitter:data1\" content=\"Equipo Transici\u00f3n Energ\u00e9tica Factorenergia\" \/>\n\t<meta name=\"twitter:label2\" content=\"Est. reading time\" \/>\n\t<meta name=\"twitter:data2\" content=\"3 minutes\" \/>\n<script type=\"application\/ld+json\" class=\"yoast-schema-graph\">{\"@context\":\"https:\/\/schema.org\",\"@graph\":[{\"@type\":\"WebPage\",\"@id\":\"https:\/\/www.factorenergia.com\/ca\/blog\/apren-a-estalviar\/quant-consumeix-laire-condicionat\/\",\"url\":\"https:\/\/www.factorenergia.com\/ca\/blog\/apren-a-estalviar\/quant-consumeix-laire-condicionat\/\",\"name\":\"Quant consumeix l'aire condicionat? - factorenergia\",\"isPartOf\":{\"@id\":\"https:\/\/www.factorenergia.com\/es\/#website\"},\"primaryImageOfPage\":{\"@id\":\"https:\/\/www.factorenergia.com\/ca\/blog\/apren-a-estalviar\/quant-consumeix-laire-condicionat\/#primaryimage\"},\"image\":{\"@id\":\"https:\/\/www.factorenergia.com\/ca\/blog\/apren-a-estalviar\/quant-consumeix-laire-condicionat\/#primaryimage\"},\"thumbnailUrl\":\"https:\/\/www.factorenergia.com\/wp-content\/uploads\/2021\/06\/Diseno-sin-titulo-4-300x169.jpg\",\"datePublished\":\"2021-06-09T09:09:36+00:00\",\"dateModified\":\"2025-07-25T12:09:00+00:00\",\"author\":{\"@id\":\"https:\/\/www.factorenergia.com\/es\/#\/schema\/person\/dff9e4b6dc520720e3a37bdaaedc5841\"},\"description\":\"T'expliquem quant consumeix l'aire condicionat i et donem alguns consells per a estalviar en la teva factura de la llum. Descobreix-los!\",\"breadcrumb\":{\"@id\":\"https:\/\/www.factorenergia.com\/ca\/blog\/apren-a-estalviar\/quant-consumeix-laire-condicionat\/#breadcrumb\"},\"inLanguage\":\"ca\",\"potentialAction\":[{\"@type\":\"ReadAction\",\"target\":[\"https:\/\/www.factorenergia.com\/ca\/blog\/apren-a-estalviar\/quant-consumeix-laire-condicionat\/\"]}]},{\"@type\":\"ImageObject\",\"inLanguage\":\"ca\",\"@id\":\"https:\/\/www.factorenergia.com\/ca\/blog\/apren-a-estalviar\/quant-consumeix-laire-condicionat\/#primaryimage\",\"url\":\"https:\/\/www.factorenergia.com\/wp-content\/uploads\/2021\/06\/Diseno-sin-titulo-4-300x169.jpg\",\"contentUrl\":\"https:\/\/www.factorenergia.com\/wp-content\/uploads\/2021\/06\/Diseno-sin-titulo-4-300x169.jpg\"},{\"@type\":\"BreadcrumbList\",\"@id\":\"https:\/\/www.factorenergia.com\/ca\/blog\/apren-a-estalviar\/quant-consumeix-laire-condicionat\/#breadcrumb\",\"itemListElement\":[{\"@type\":\"ListItem\",\"position\":1,\"name\":\"Portada\",\"item\":\"https:\/\/www.factorenergia.com\/ca\/\"},{\"@type\":\"ListItem\",\"position\":2,\"name\":\"Quant consumeix l&#8217;aire condicionat?\"}]},{\"@type\":\"WebSite\",\"@id\":\"https:\/\/www.factorenergia.com\/es\/#website\",\"url\":\"https:\/\/www.factorenergia.com\/es\/\",\"name\":\"factorenergia\",\"description\":\"factorenergia\",\"potentialAction\":[{\"@type\":\"SearchAction\",\"target\":{\"@type\":\"EntryPoint\",\"urlTemplate\":\"https:\/\/www.factorenergia.com\/es\/?s={search_term_string}\"},\"query-input\":\"required name=search_term_string\"}],\"inLanguage\":\"ca\"},{\"@type\":\"Person\",\"@id\":\"https:\/\/www.factorenergia.com\/es\/#\/schema\/person\/dff9e4b6dc520720e3a37bdaaedc5841\",\"name\":\"Equipo Transici\u00f3n Energ\u00e9tica Factorenergia\",\"image\":{\"@type\":\"ImageObject\",\"inLanguage\":\"ca\",\"@id\":\"https:\/\/www.factorenergia.com\/es\/#\/schema\/person\/image\/\",\"url\":\"https:\/\/secure.gravatar.com\/avatar\/1b7c76bab80ee1c4261b06108874e24b?s=96&d=mm&r=g\",\"contentUrl\":\"https:\/\/secure.gravatar.com\/avatar\/1b7c76bab80ee1c4261b06108874e24b?s=96&d=mm&r=g\",\"caption\":\"Equipo Transici\u00f3n Energ\u00e9tica Factorenergia\"},\"description\":\"El equipo est\u00e1 formado por expertos en materia de Luz, Gas y Eficiencia Energ\u00e9tica, que conocen de primera mano las tendencias del mercado. Su experiencia en el sector les permite ofrecer las mejores soluciones energ\u00e9ticas y resolver las dudas planteadas por los clientes.\",\"sameAs\":[\"https:\/\/www.factorenergia.com\/es\/\",\"https:\/\/www.facebook.com\/factorenergiacom\",\"https:\/\/www.instagram.com\/factorenergia_com\/\",\"https:\/\/es.linkedin.com\/company\/factor-energia\",\"https:\/\/twitter.com\/factorenergia\",\"https:\/\/www.youtube.com\/c\/factorenergiacom\"],\"url\":\"https:\/\/www.factorenergia.com\/ca\/blog\/author\/marketing\/\"}]}<\/script>\n<!-- \/ Yoast SEO plugin. -->","yoast_head_json":{"title":"Quant consumeix l'aire condicionat? - factorenergia","description":"T'expliquem quant consumeix l'aire condicionat i et donem alguns consells per a estalviar en la teva factura de la llum. Descobreix-los!","robots":{"index":"index","follow":"follow","max-snippet":"max-snippet:-1","max-image-preview":"max-image-preview:large","max-video-preview":"max-video-preview:-1"},"canonical":"https:\/\/www.factorenergia.com\/ca\/blog\/apren-a-estalviar\/quant-consumeix-laire-condicionat\/","twitter_card":"summary_large_image","twitter_title":"Quant consumeix l'aire condicionat? - factorenergia","twitter_description":"T'expliquem quant consumeix l'aire condicionat i et donem alguns consells per a estalviar en la teva factura de la llum. Descobreix-los!","twitter_image":"https:\/\/www.factorenergia.com\/wp-content\/uploads\/2021\/06\/Diseno-sin-titulo-4-300x169.jpg","twitter_creator":"@factorenergia","twitter_site":"@factorenergia","twitter_misc":{"Written by":"Equipo Transici\u00f3n Energ\u00e9tica Factorenergia","Est. reading time":"3 minutes"},"schema":{"@context":"https:\/\/schema.org","@graph":[{"@type":"WebPage","@id":"https:\/\/www.factorenergia.com\/ca\/blog\/apren-a-estalviar\/quant-consumeix-laire-condicionat\/","url":"https:\/\/www.factorenergia.com\/ca\/blog\/apren-a-estalviar\/quant-consumeix-laire-condicionat\/","name":"Quant consumeix l'aire condicionat? - factorenergia","isPartOf":{"@id":"https:\/\/www.factorenergia.com\/es\/#website"},"primaryImageOfPage":{"@id":"https:\/\/www.factorenergia.com\/ca\/blog\/apren-a-estalviar\/quant-consumeix-laire-condicionat\/#primaryimage"},"image":{"@id":"https:\/\/www.factorenergia.com\/ca\/blog\/apren-a-estalviar\/quant-consumeix-laire-condicionat\/#primaryimage"},"thumbnailUrl":"https:\/\/www.factorenergia.com\/wp-content\/uploads\/2021\/06\/Diseno-sin-titulo-4-300x169.jpg","datePublished":"2021-06-09T09:09:36+00:00","dateModified":"2025-07-25T12:09:00+00:00","author":{"@id":"https:\/\/www.factorenergia.com\/es\/#\/schema\/person\/dff9e4b6dc520720e3a37bdaaedc5841"},"description":"T'expliquem quant consumeix l'aire condicionat i et donem alguns consells per a estalviar en la teva factura de la llum. Descobreix-los!","breadcrumb":{"@id":"https:\/\/www.factorenergia.com\/ca\/blog\/apren-a-estalviar\/quant-consumeix-laire-condicionat\/#breadcrumb"},"inLanguage":"ca","potentialAction":[{"@type":"ReadAction","target":["https:\/\/www.factorenergia.com\/ca\/blog\/apren-a-estalviar\/quant-consumeix-laire-condicionat\/"]}]},{"@type":"ImageObject","inLanguage":"ca","@id":"https:\/\/www.factorenergia.com\/ca\/blog\/apren-a-estalviar\/quant-consumeix-laire-condicionat\/#primaryimage","url":"https:\/\/www.factorenergia.com\/wp-content\/uploads\/2021\/06\/Diseno-sin-titulo-4-300x169.jpg","contentUrl":"https:\/\/www.factorenergia.com\/wp-content\/uploads\/2021\/06\/Diseno-sin-titulo-4-300x169.jpg"},{"@type":"BreadcrumbList","@id":"https:\/\/www.factorenergia.com\/ca\/blog\/apren-a-estalviar\/quant-consumeix-laire-condicionat\/#breadcrumb","itemListElement":[{"@type":"ListItem","position":1,"name":"Portada","item":"https:\/\/www.factorenergia.com\/ca\/"},{"@type":"ListItem","position":2,"name":"Quant consumeix l&#8217;aire condicionat?"}]},{"@type":"WebSite","@id":"https:\/\/www.factorenergia.com\/es\/#website","url":"https:\/\/www.factorenergia.com\/es\/","name":"factorenergia","description":"factorenergia","potentialAction":[{"@type":"SearchAction","target":{"@type":"EntryPoint","urlTemplate":"https:\/\/www.factorenergia.com\/es\/?s={search_term_string}"},"query-input":"required name=search_term_string"}],"inLanguage":"ca"},{"@type":"Person","@id":"https:\/\/www.factorenergia.com\/es\/#\/schema\/person\/dff9e4b6dc520720e3a37bdaaedc5841","name":"Equipo Transici\u00f3n Energ\u00e9tica Factorenergia","image":{"@type":"ImageObject","inLanguage":"ca","@id":"https:\/\/www.factorenergia.com\/es\/#\/schema\/person\/image\/","url":"https:\/\/secure.gravatar.com\/avatar\/1b7c76bab80ee1c4261b06108874e24b?s=96&d=mm&r=g","contentUrl":"https:\/\/secure.gravatar.com\/avatar\/1b7c76bab80ee1c4261b06108874e24b?s=96&d=mm&r=g","caption":"Equipo Transici\u00f3n Energ\u00e9tica Factorenergia"},"description":"El equipo est\u00e1 formado por expertos en materia de Luz, Gas y Eficiencia Energ\u00e9tica, que conocen de primera mano las tendencias del mercado. Su experiencia en el sector les permite ofrecer las mejores soluciones energ\u00e9ticas y resolver las dudas planteadas por los clientes.","sameAs":["https:\/\/www.factorenergia.com\/es\/","https:\/\/www.facebook.com\/factorenergiacom","https:\/\/www.instagram.com\/factorenergia_com\/","https:\/\/es.linkedin.com\/company\/factor-energia","https:\/\/twitter.com\/factorenergia","https:\/\/www.youtube.com\/c\/factorenergiacom"],"url":"https:\/\/www.factorenergia.com\/ca\/blog\/author\/marketing\/"}]}},"_links":{"self":[{"href":"https:\/\/www.factorenergia.com\/ca\/wp-json\/wp\/v2\/posts\/10983"}],"collection":[{"href":"https:\/\/www.factorenergia.com\/ca\/wp-json\/wp\/v2\/posts"}],"about":[{"href":"https:\/\/www.factorenergia.com\/ca\/wp-json\/wp\/v2\/types\/post"}],"author":[{"embeddable":true,"href":"https:\/\/www.factorenergia.com\/ca\/wp-json\/wp\/v2\/users\/17"}],"replies":[{"embeddable":true,"href":"https:\/\/www.factorenergia.com\/ca\/wp-json\/wp\/v2\/comments?post=10983"}],"version-history":[{"count":8,"href":"https:\/\/www.factorenergia.com\/ca\/wp-json\/wp\/v2\/posts\/10983\/revisions"}],"predecessor-version":[{"id":28706,"href":"https:\/\/www.factorenergia.com\/ca\/wp-json\/wp\/v2\/posts\/10983\/revisions\/28706"}],"wp:attachment":[{"href":"https:\/\/www.factorenergia.com\/ca\/wp-json\/wp\/v2\/media?parent=10983"}],"wp:term":[{"taxonomy":"category","embeddable":true,"href":"https:\/\/www.factorenergia.com\/ca\/wp-json\/wp\/v2\/categories?post=10983"},{"taxonomy":"post_tag","embeddable":true,"href":"https:\/\/www.factorenergia.com\/ca\/wp-json\/wp\/v2\/tags?post=10983"}],"curies":[{"name":"wp","href":"https:\/\/api.w.org\/{rel}","templated":true}]}}