{"id":10618,"date":"2021-05-27T11:52:23","date_gmt":"2021-05-27T09:52:23","guid":{"rendered":"https:\/\/www.factorenergia.com\/ca\/?post_type=blog&#038;p=10618"},"modified":"2025-07-02T13:09:39","modified_gmt":"2025-07-02T11:09:39","slug":"noves-tarifes-electriques-2021-empreses","status":"publish","type":"post","link":"https:\/\/www.factorenergia.com\/ca\/blog\/noticies\/noves-tarifes-electriques-2021-empreses\/","title":{"rendered":"Noves tarifes el\u00e8ctriques per a empreses"},"content":{"rendered":"<p><span>\n<script type=\"text\/javascript\" id=\"auto-index\" async defer>\n\n      function indexContent(context){\n\n      var container = document.querySelector(context);\n\n      element = document.getElementById(\"accordion-index\");\n      var titles = Array.from(container.querySelectorAll(\"h2,h3,h4\"));\n\n      for (var i = 0, l = titles.length; i < l; i++) {\n\n\t\tjQuery('#accordionIndex').show();\n\n        var tit = titles[i];\n\t\tvar newTitle = tit.textContent.toLowerCase().replace(\/[^a-zA-Z ]\/g, \"\").replace(\/\\s\/g, '-');\n\t\tvar numTag = Number(tit.tagName.replace(\/[^1-9]\/g, \"\"));\n\t\tvar tagWidth = (numTag*20);\n\n\t\tvar preText = '<span style=\"margin-left:' + tagWidth + 'px\"><\/span>';\n\n        tit.setAttribute(\"id\", newTitle);\n\t\tjQuery(tit).addClass('h-inline');\n\t\t\n\t\tvar toIndex = '<p class=\"h-inline\"><a class=\"blog-toindex\" href=\"#accordionIndex\"><span class=\"glyphicon glyphicon-chevron-up\" aria-hidden=\"true\"><\/span><\/a><\/p>';\n\n\t\tjQuery(toIndex).insertAfter(tit);\n\n        var node = document.createElement(\"LI\");                 \n        var link = document.createElement(\"A\");\n        var textnode = document.createTextNode(tit.textContent);\n\n        link.appendChild(textnode);\n        link.setAttribute(\"href\", '#' + newTitle);\n\t\t\/\/link.setAttribute(\"style\", \"margin-left:\" + tagWidth + \"px\");\n\t\tlink.setAttribute(\"class\", \"acc-h\" + numTag);\n        node.appendChild(link);\n\n        element.appendChild(node);\n\n      }\n    }\n\n    jQuery(document).ready(function(){\t\t\n\t\tindexContent(\".single-post-content\");\n\n\t\tjQuery(\".accordion-toggle\").click(function() {\n\t\t\tjQuery(this).toggleClass(\"open\");\n\t\t\tjQuery(\"#collapseIndex\").slideToggle(\"in\");\n\t\t});\n\t});\n\n\n<\/script>\n\n<style>\n\t.accordion-toggle{\n\t\tcursor:pointer;\n\t}\n\n\t#accordionIndex .panel-heading{\n\t\tmargin-bottom:0px;\n\t}\n\n\t.articulo ul, .articulo ol{\n\t\tmargin-bottom:auto;\n\t}\n\n\t.h-inline{\n\t\tdisplay: inline-flex;\n\t\tflex-wrap: wrap\n\t}\n\t#accordion-index{\n\t\tpadding-left:0px;\n\t}\n\t#accordion-index li a{\n\t\tdisplay:block;\n\t\tpadding-top:5px;\n\t}\n\n\t.acc-h2{\n\t\tmargin-left:0px;\n\t\tposition: relative;\n\t}\n\n\t.acc-h3{\n\t\tmargin-left:25px;\n\t}\n\n\t.acc-h3::before{\n\t\tcontent: \"\";\n\t\tbackground-color:var(--blue-light);\n\t\tmargin-left:-10px;\n\t\twidth: 7px;\n\t\theight: 7px;\n\t\tdisplay: inline-block;\n\t\ttext-align: center;\n\t\tborder-radius: 1000px;\n\t\tmargin-right: 10px;\n    \tmargin-bottom: 2px;\n\t}\n\n\t.acc-h4{\n\t\tmargin-left:40px;\n\t}\n\n\t.acc-h4::before{\n\t\tcontent: \"\";\n\t\tborder: 1px solid var(--blue-light);\n\t\tmargin-left:-5px;\n\t\twidth: 7px;\n\t\theight: 7px;\n\t\tdisplay: inline-block;\n\t\ttext-align: center;\n\t\tborder-radius: 100%;\n\t\tmargin-right: 10px;\n    \tmargin-bottom: 2px;\n\t}\n\n\t.acc-h3:hover::before{\n\t\tbackground-color: var(--blue-darkest);\n\t}\n\n\t.acc-h4:hover::before{\n\t\tborder-color: var(--blue-darkest);\n\t}\n\n\t@media (max-width: 992px){\n\t\t.acc-h2{\n\t\t\tmargin-left:0px;\n\t\t}\n\t\t.acc-h3{\n\t\t\tmargin-left:20px;\n\t\t}\n\t\t.acc-h4{\n\t\t\tmargin-left:40px;\n\t\t}\n\t}\n\n\t\/*\n\th2.h-inline:after,\n\th3.h-inline:after{\n\t\theight: 24px;\n\t\tcontent: \"\";\n\t\tdisplay: table-row;\n\t}*\/\n<\/style>\n\n<div id=\"table-accordion-index\">\n\t<div class=\"panel-group\" id=\"accordionIndex\">\n\t\t<div class=\"panel panel-default\">\n\t\t\t<div class=\"panel-heading\">\n\t\t\t\t<div class=\"panel-title open\"><div class=\"accordion-toggle\" data-toggle=\"collapse\" data-parent=\"#accordion\" aria-expanded=\"true\">\u00edndex<\/div><\/div>\n\t\t\t<\/div>\n\t\t\t<div id=\"collapseIndex\" class=\"panel-collapse collapse in\" aria-expanded=\"true\">\n\t\t\t\t<div class=\"panel-body\">\n\t\t\t\t\t<ul id=\"accordion-index\">\n\t\t\t\t\t<\/ul>\n\t\t\t\t<\/div>\n\t\t\t<\/div>\n\t\t<\/div>\n\t<\/div>\n<\/div><\/span><\/p>\n<p style=\"text-align: justify;\">A partir de l&#8217;1 de juny de 2021, les tarifes el\u00e8ctriques per a empreses canviaran. Amb la finalitat d&#8217;aclarir-te possibles dubtes que puguis tenir sobre aquest tema, t&#8217;expliquem els principals canvis que recull la <a href=\"https:\/\/www.boe.es\/boe\/dias\/2020\/01\/24\/pdfs\/BOE-A-2020-1066.pdf\" title=\"Circular emesa per la CNMC\" target=\"_blank\" rel=\"nofollow noopener noreferrer\">circular emesa per la CNMC<\/a> (24\/01\/2020) i que <strong>s&#8217;aplicaran en totes les tarifes de llum per a empreses<\/strong>:<\/p>\n<ul>\n<li style=\"text-align: justify;\">La tarifa 3.0A, per a per als contractes de baixa tensi\u00f3 a partir de 15 Kw, passar\u00e0 a ser la <strong>nova tarifa 3.0TD<\/strong>.<\/li>\n<li style=\"text-align: justify;\">Per als contractes de mitjana tensi\u00f3, fins ara les tarifes 3.1A i 6.1A, passaran a englobar-se en la <strong>tarifa 6.1TD<\/strong>.<\/li>\n<li style=\"text-align: justify;\">Reestructuraci\u00f3 dels per\u00edodes d&#8217;energia passant a ser <strong>6 per\u00edodes de discriminaci\u00f3 hor\u00e0ria<\/strong> al dia: de P1 a P6, sent aquest \u00faltim el m\u00e9s econ\u00f2mic.<\/li>\n<li style=\"text-align: justify;\">Els caps de setmana i festius nacionals <strong>les 24 hores del dia seran P6<\/strong> (el m\u00e9s econ\u00f2mic).<\/li>\n<li style=\"text-align: justify;\">La discriminaci\u00f3 hor\u00e0ria <strong>variar\u00e0 segons la temporada de l&#8217;any<\/strong> (alta, mitjana-alta, mitjana i baixa).<\/li>\n<li style=\"text-align: justify;\">Es podr\u00e0 optar entre <strong>6 per\u00edodes de pot\u00e8ncia<\/strong> diferents.<\/li>\n<\/ul>\n<p style=\"text-align: justify;\">A m\u00e9s, responem a algunes de les preguntes m\u00e9s freq\u00fcents respecte a les noves tarifes el\u00e8ctriques per a empreses:<\/p>\n<h2 style=\"font-size: 20px !important; color: #777777;\"><strong>Com canviar\u00e0 la meva tarifa el\u00e8ctrica?<\/strong><\/h2>\n<p style=\"text-align: justify;\">Per als contractes de mitja tensi\u00f3 (6.1TD) i els de baixa tensi\u00f3 a partir de 15 kW contractats (3.0TD), la discriminaci\u00f3 hor\u00e0ria variar\u00e0 segons la temporada de l&#8217;any (alta, mitja-alta, mitja i baixa).<\/p>\n<p style=\"text-align: justify;\">Dins de cada temporada, hi haur\u00e0 6 per\u00edodes de discriminaci\u00f3 hor\u00e0ria (en caps de setmana i festius nacionals, les 24 hores seran P6).<\/p>\n<p style=\"text-align: justify;\">T&#8217;ho mostrem en els seg\u00fcents gr\u00e0fics:<\/p>\n<div class=\"text-center center blog-cta\"><p>Canvia't a factorenergia i estalvia un 12'5% a la Factura de la Llum ... Per Sempre!<\/p><a class=\"blog-cta primary-btn text-center solicitar-estudio\" target=\"_blank\" title=\"Truca Gratis o Contracta Online en 2 min\" href=\"https:\/\/www.factorenergia.com\/ca\/canvia-de-companyia\/\">Truca Gratis o Contracta Online en 2 min<\/a><p><\/p><div style=\"display:none;\"><p>Canvia't a factorenergia i estalvia un 12'5% a la Factura de la Llum ... Per Sempre!<\/p><\/div>\n\t\t\t<script type='text\/javascript'>\n\t\t\t\tjQuery('.solicitar-estudio').click(function(){\t\t\t\t\t\t\t\t\t\n\t\t\t\t\tdataLayer.push({'language': 'ca'});\n\t\t\t\t\tdataLayer.push({'post_id': '10618'});\n\t\t\t\t\tdataLayer.push({'cat_type': 'luz'});\n\t\t\t\t});\n\t\t\t<\/script>\n\t\t<\/div><br\/>\n<h3><strong>Es modificar\u00e0 la meva pot\u00e8ncia contractada?<\/strong><\/h3>\n<p style=\"text-align: justify;\">La nova norma permet 6 per\u00edodes de contractaci\u00f3 de pot\u00e8ncia, tant per a la tarifa 3.0TD com per a la 6.1TD (els mateixos que a energia), en ordre creixent en els diferents per\u00edodes. \u00c9s a dir, <strong>la pot\u00e8ncia de cada per\u00edode ha de ser igual o superior a la del per\u00edode anterior.<\/strong><\/p>\n<p style=\"text-align: justify;\">Si algun per\u00edode no compleix el criteri de pot\u00e8ncies creixents, la pot\u00e8ncia d&#8217;aquest per\u00edode ser\u00e0 igual a la del per\u00edode anterior.<\/p>\n<p style=\"text-align: justify;\">En l&#8217;actual tarifa 6.1A es traslladaran les pot\u00e8ncies contractades dels 6 per\u00edodes actuals als 6 per\u00edodes nous d&#8217;igual forma.<\/p>\n<p style=\"text-align: justify;\">Finalment,<strong> en les actuals tarifes 3.0A i 3.1A es traslladaran les pot\u00e8ncies contractades<\/strong>, de manera que l&#8217;actual P1 es correspongui amb el nou P1, l&#8217;actual P2 es correspongui amb els nous P2, P3, P4 i P5, i l&#8217;actual P3 es correspongui amb el nou P6, sempre quedant de manera creixent.<\/p>\n<p>&nbsp;<\/p>\n<p style=\"text-align: justify;\">\r\n<script type=\"text\/javascript\" async defer>\r\n\r\n    jQuery(document).ready(function(){\t\t\r\n\t\t\r\n\t});\r\n<\/script>\r\n\r\n<style>\r\n\t.block-interested_posts{\r\n        margin-top: 10px;\r\n        padding: 20px;\r\n        border: 2px solid #92C200;\r\n    }\r\n    .block-interested_posts ul{\r\n        margin-bottom:0px;\r\n    }\r\n    .block-interested_posts ul li{\r\n        margin-bottom:5px;\r\n    }\r\n    .block-interested_posts ul li a{\r\n        \/*color: #DF981E;*\/\r\n    }\r\n\r\n<\/style>\r\n\r\n<div class=\"block-interested_posts\">\r\n    <p><strong>Post que et poden interessar<\/strong><\/p>\r\n    <ul>\r\n                    <li><a href=\"https:\/\/www.factorenergia.com\/ca\/blog\/eficiencia-energetica\/eficiencia-energetica-empresa-ca\/\" title=\"Com millorar l&#8217;efici\u00e8ncia energ\u00e8tica a una empresa?\">Com millorar l&#8217;efici\u00e8ncia energ\u00e8tica a una empresa?<\/a><\/li>\r\n            <\/ul>\t\r\n<\/div><\/p>\n<h3 style=\"font-size: 20px !important; color: #777777;\"><strong>Hi haur\u00e0 canvis en els peatges amb les noves tarifes el\u00e8ctriques 2021? <\/strong><\/h3>\n<p style=\"text-align: justify;\">S&#8217;estima que les noves tarifes <strong>suposaran un increment en els peatges d&#8217;energia i una reducci\u00f3 en els de pot\u00e8ncia.<\/strong> No obstant aix\u00f2, l&#8217;impacte final en la factura dependr\u00e0 del comportament de cada punt de subministrament.<\/p>\n<p style=\"text-align: justify;\">Al llarg d&#8217;aquestes pr\u00f2ximes setmanes, els clients de factorenergia disposaran de tota la informaci\u00f3, tant en forma d&#8217;annex en les nostres factures, com a trav\u00e9s de correu electr\u00f2nic i en el seu perfil d&#8217;\u00c0rea Clients.<\/p>\n<h3 style=\"font-size: 20px !important; color: #777777;\"><strong>Hi haur\u00e0 modificacions en el meu contracte? <\/strong><\/h3>\n<p style=\"text-align: justify;\">No ser\u00e0 necessari variar el contracte actual, ja que es tracta d&#8217;un canvi normatiu i autom\u00e0tic. A partir de l&#8217;1 de juny, amb l&#8217;entrada en vigor de les noves tarifes el\u00e8ctriques, <strong>veur\u00e0s reflectits els canvis en la factura de la llum<\/strong> de la seva empresa, sense necessitat de realitzar cap gesti\u00f3 addicional.<\/p>\n<h3 style=\"font-size: 20px !important; color: #777777;\"><strong>Factorenergia, a la teva disposici\u00f3 <\/strong><\/h3>\n<p style=\"text-align: justify;\">Aquest \u00e9s un resum dels canvis principals que impliquen les noves tarifes el\u00e8ctriques per a empreses.<\/p>\n<p style=\"text-align: justify;\">Aix\u00ed doncs, la clau per a beneficiar-te d&#8217;aquest canvi en les tarifes ser\u00e0 <strong>concentrar la major part del consum el\u00e8ctric en el per\u00edode m\u00e9s econ\u00f2mic (P6)<\/strong>, aix\u00ed com optar per l&#8217;<a href=\"https:\/\/www.factorenergia.com\/ca\/llars\/plaques-solars\/\" target=\"_blank\" rel=\"noopener\">autoconsum amb plaques solars<\/a>, de manera que puguis produir la teva pr\u00f2pia electricitat.<\/p>\n<p style=\"text-align: justify;\">Recorda que en factorenergia oferim solucions integrals per a la instal\u00b7laci\u00f3 de plaques fotovoltaiques. El nostre departament d&#8217;Efici\u00e8ncia Energ\u00e8tica, est\u00e0 a la teva disposici\u00f3 per a assessorar la teva empresa i ajudar-te a fer el pas al futur energ\u00e8tic.<\/p>\n<p style=\"text-align: justify;\">Intentem ser la <a href=\"https:\/\/www.factorenergia.com\/ca\/\" target=\"_blank\" rel=\"noopener\">millor empresa de gas\/electricitat<\/a> per als nostres clients. Si encara no formes part de factorenergia pots trucar-nos al 900 850 000 o <a href=\"\/es\/hogares\/tarifas\/\" title=\"canviar de companyia de llum\" target=\"_blank\" rel=\"noopener noreferrer\">contractar la teva tarifa de la llum<\/a> a trav\u00e9s de la nostra web i <strong>comen\u00e7ar a estalviar<\/strong>.<\/p>\n<p>&nbsp;<\/p>\n","protected":false},"excerpt":{"rendered":"<p>Igual que ho fan per als usuaris dom\u00e8stics, tamb\u00e9 entren en vigor les noves tarifes el\u00e8ctriques per a empreses, i ho fan el mateix dia; el pr\u00f2xim 1 de juny de 2021. Si tens dubtes sobre aquest tema o desconeixies el canvi, avui t&#8217;expliquem tots els detalls i com aquests afectaran en la factura de la llum del teu negoci.<\/p>\n","protected":false},"author":17,"featured_media":0,"comment_status":"open","ping_status":"closed","sticky":false,"template":"","format":"standard","meta":{"inline_featured_image":false,"footnotes":""},"categories":[61],"tags":[],"acf":{"fecha_de_la_entrada":"20210527","imagen_portada":28425,"categoria_blog":null,"tipo_de_distribuidora":null,"tiempo_lectura":"","banner_bool":false,"titulo_banner":"","texto_banner":"","texto_boton_banner":"","url_boton_banner":"","post_relacionados":""},"yoast_head":"<!-- This site is optimized with the Yoast SEO plugin v22.2 - https:\/\/yoast.com\/wordpress\/plugins\/seo\/ -->\n<title>Noves tarifes el\u00e8ctriques 2021 per a empreses - factorenergia<\/title>\n<meta name=\"description\" content=\"Les noves tarifes el\u00e8ctriques 2021 tamb\u00e9 canviaran per a les empreses. Coneix els principals canvis i com pots beneficiar-te.\" \/>\n<meta name=\"robots\" content=\"index, follow, max-snippet:-1, max-image-preview:large, max-video-preview:-1\" \/>\n<link rel=\"canonical\" href=\"https:\/\/www.factorenergia.com\/ca\/blog\/noticies\/noves-tarifes-electriques-2021-empreses\/\" \/>\n<meta name=\"twitter:card\" content=\"summary_large_image\" \/>\n<meta name=\"twitter:title\" content=\"Noves tarifes el\u00e8ctriques 2021 per a empreses - factorenergia\" \/>\n<meta name=\"twitter:description\" content=\"Les noves tarifes el\u00e8ctriques 2021 tamb\u00e9 canviaran per a les empreses. Coneix els principals canvis i com pots beneficiar-te.\" \/>\n<meta name=\"twitter:creator\" content=\"@factorenergia\" \/>\n<meta name=\"twitter:site\" content=\"@factorenergia\" \/>\n<meta name=\"twitter:label1\" content=\"Written by\" \/>\n\t<meta name=\"twitter:data1\" content=\"Equipo Transici\u00f3n Energ\u00e9tica Factorenergia\" \/>\n\t<meta name=\"twitter:label2\" content=\"Est. reading time\" \/>\n\t<meta name=\"twitter:data2\" content=\"4 minutes\" \/>\n<script type=\"application\/ld+json\" class=\"yoast-schema-graph\">{\"@context\":\"https:\/\/schema.org\",\"@graph\":[{\"@type\":\"WebPage\",\"@id\":\"https:\/\/www.factorenergia.com\/ca\/blog\/noticies\/noves-tarifes-electriques-2021-empreses\/\",\"url\":\"https:\/\/www.factorenergia.com\/ca\/blog\/noticies\/noves-tarifes-electriques-2021-empreses\/\",\"name\":\"Noves tarifes el\u00e8ctriques 2021 per a empreses - factorenergia\",\"isPartOf\":{\"@id\":\"https:\/\/www.factorenergia.com\/es\/#website\"},\"datePublished\":\"2021-05-27T09:52:23+00:00\",\"dateModified\":\"2025-07-02T11:09:39+00:00\",\"author\":{\"@id\":\"https:\/\/www.factorenergia.com\/es\/#\/schema\/person\/dff9e4b6dc520720e3a37bdaaedc5841\"},\"description\":\"Les noves tarifes el\u00e8ctriques 2021 tamb\u00e9 canviaran per a les empreses. Coneix els principals canvis i com pots beneficiar-te.\",\"breadcrumb\":{\"@id\":\"https:\/\/www.factorenergia.com\/ca\/blog\/noticies\/noves-tarifes-electriques-2021-empreses\/#breadcrumb\"},\"inLanguage\":\"ca\",\"potentialAction\":[{\"@type\":\"ReadAction\",\"target\":[\"https:\/\/www.factorenergia.com\/ca\/blog\/noticies\/noves-tarifes-electriques-2021-empreses\/\"]}]},{\"@type\":\"BreadcrumbList\",\"@id\":\"https:\/\/www.factorenergia.com\/ca\/blog\/noticies\/noves-tarifes-electriques-2021-empreses\/#breadcrumb\",\"itemListElement\":[{\"@type\":\"ListItem\",\"position\":1,\"name\":\"Portada\",\"item\":\"https:\/\/www.factorenergia.com\/ca\/\"},{\"@type\":\"ListItem\",\"position\":2,\"name\":\"Noves tarifes el\u00e8ctriques per a empreses\"}]},{\"@type\":\"WebSite\",\"@id\":\"https:\/\/www.factorenergia.com\/es\/#website\",\"url\":\"https:\/\/www.factorenergia.com\/es\/\",\"name\":\"factorenergia\",\"description\":\"factorenergia\",\"potentialAction\":[{\"@type\":\"SearchAction\",\"target\":{\"@type\":\"EntryPoint\",\"urlTemplate\":\"https:\/\/www.factorenergia.com\/es\/?s={search_term_string}\"},\"query-input\":\"required name=search_term_string\"}],\"inLanguage\":\"ca\"},{\"@type\":\"Person\",\"@id\":\"https:\/\/www.factorenergia.com\/es\/#\/schema\/person\/dff9e4b6dc520720e3a37bdaaedc5841\",\"name\":\"Equipo Transici\u00f3n Energ\u00e9tica Factorenergia\",\"image\":{\"@type\":\"ImageObject\",\"inLanguage\":\"ca\",\"@id\":\"https:\/\/www.factorenergia.com\/es\/#\/schema\/person\/image\/\",\"url\":\"https:\/\/secure.gravatar.com\/avatar\/1b7c76bab80ee1c4261b06108874e24b?s=96&d=mm&r=g\",\"contentUrl\":\"https:\/\/secure.gravatar.com\/avatar\/1b7c76bab80ee1c4261b06108874e24b?s=96&d=mm&r=g\",\"caption\":\"Equipo Transici\u00f3n Energ\u00e9tica Factorenergia\"},\"description\":\"El equipo est\u00e1 formado por expertos en materia de Luz, Gas y Eficiencia Energ\u00e9tica, que conocen de primera mano las tendencias del mercado. Su experiencia en el sector les permite ofrecer las mejores soluciones energ\u00e9ticas y resolver las dudas planteadas por los clientes.\",\"sameAs\":[\"https:\/\/www.factorenergia.com\/es\/\",\"https:\/\/www.facebook.com\/factorenergiacom\",\"https:\/\/www.instagram.com\/factorenergia_com\/\",\"https:\/\/es.linkedin.com\/company\/factor-energia\",\"https:\/\/twitter.com\/factorenergia\",\"https:\/\/www.youtube.com\/c\/factorenergiacom\"],\"url\":\"https:\/\/www.factorenergia.com\/ca\/blog\/author\/marketing\/\"}]}<\/script>\n<!-- \/ Yoast SEO plugin. -->","yoast_head_json":{"title":"Noves tarifes el\u00e8ctriques 2021 per a empreses - factorenergia","description":"Les noves tarifes el\u00e8ctriques 2021 tamb\u00e9 canviaran per a les empreses. Coneix els principals canvis i com pots beneficiar-te.","robots":{"index":"index","follow":"follow","max-snippet":"max-snippet:-1","max-image-preview":"max-image-preview:large","max-video-preview":"max-video-preview:-1"},"canonical":"https:\/\/www.factorenergia.com\/ca\/blog\/noticies\/noves-tarifes-electriques-2021-empreses\/","twitter_card":"summary_large_image","twitter_title":"Noves tarifes el\u00e8ctriques 2021 per a empreses - factorenergia","twitter_description":"Les noves tarifes el\u00e8ctriques 2021 tamb\u00e9 canviaran per a les empreses. Coneix els principals canvis i com pots beneficiar-te.","twitter_creator":"@factorenergia","twitter_site":"@factorenergia","twitter_misc":{"Written by":"Equipo Transici\u00f3n Energ\u00e9tica Factorenergia","Est. reading time":"4 minutes"},"schema":{"@context":"https:\/\/schema.org","@graph":[{"@type":"WebPage","@id":"https:\/\/www.factorenergia.com\/ca\/blog\/noticies\/noves-tarifes-electriques-2021-empreses\/","url":"https:\/\/www.factorenergia.com\/ca\/blog\/noticies\/noves-tarifes-electriques-2021-empreses\/","name":"Noves tarifes el\u00e8ctriques 2021 per a empreses - factorenergia","isPartOf":{"@id":"https:\/\/www.factorenergia.com\/es\/#website"},"datePublished":"2021-05-27T09:52:23+00:00","dateModified":"2025-07-02T11:09:39+00:00","author":{"@id":"https:\/\/www.factorenergia.com\/es\/#\/schema\/person\/dff9e4b6dc520720e3a37bdaaedc5841"},"description":"Les noves tarifes el\u00e8ctriques 2021 tamb\u00e9 canviaran per a les empreses. Coneix els principals canvis i com pots beneficiar-te.","breadcrumb":{"@id":"https:\/\/www.factorenergia.com\/ca\/blog\/noticies\/noves-tarifes-electriques-2021-empreses\/#breadcrumb"},"inLanguage":"ca","potentialAction":[{"@type":"ReadAction","target":["https:\/\/www.factorenergia.com\/ca\/blog\/noticies\/noves-tarifes-electriques-2021-empreses\/"]}]},{"@type":"BreadcrumbList","@id":"https:\/\/www.factorenergia.com\/ca\/blog\/noticies\/noves-tarifes-electriques-2021-empreses\/#breadcrumb","itemListElement":[{"@type":"ListItem","position":1,"name":"Portada","item":"https:\/\/www.factorenergia.com\/ca\/"},{"@type":"ListItem","position":2,"name":"Noves tarifes el\u00e8ctriques per a empreses"}]},{"@type":"WebSite","@id":"https:\/\/www.factorenergia.com\/es\/#website","url":"https:\/\/www.factorenergia.com\/es\/","name":"factorenergia","description":"factorenergia","potentialAction":[{"@type":"SearchAction","target":{"@type":"EntryPoint","urlTemplate":"https:\/\/www.factorenergia.com\/es\/?s={search_term_string}"},"query-input":"required name=search_term_string"}],"inLanguage":"ca"},{"@type":"Person","@id":"https:\/\/www.factorenergia.com\/es\/#\/schema\/person\/dff9e4b6dc520720e3a37bdaaedc5841","name":"Equipo Transici\u00f3n Energ\u00e9tica Factorenergia","image":{"@type":"ImageObject","inLanguage":"ca","@id":"https:\/\/www.factorenergia.com\/es\/#\/schema\/person\/image\/","url":"https:\/\/secure.gravatar.com\/avatar\/1b7c76bab80ee1c4261b06108874e24b?s=96&d=mm&r=g","contentUrl":"https:\/\/secure.gravatar.com\/avatar\/1b7c76bab80ee1c4261b06108874e24b?s=96&d=mm&r=g","caption":"Equipo Transici\u00f3n Energ\u00e9tica Factorenergia"},"description":"El equipo est\u00e1 formado por expertos en materia de Luz, Gas y Eficiencia Energ\u00e9tica, que conocen de primera mano las tendencias del mercado. Su experiencia en el sector les permite ofrecer las mejores soluciones energ\u00e9ticas y resolver las dudas planteadas por los clientes.","sameAs":["https:\/\/www.factorenergia.com\/es\/","https:\/\/www.facebook.com\/factorenergiacom","https:\/\/www.instagram.com\/factorenergia_com\/","https:\/\/es.linkedin.com\/company\/factor-energia","https:\/\/twitter.com\/factorenergia","https:\/\/www.youtube.com\/c\/factorenergiacom"],"url":"https:\/\/www.factorenergia.com\/ca\/blog\/author\/marketing\/"}]}},"_links":{"self":[{"href":"https:\/\/www.factorenergia.com\/ca\/wp-json\/wp\/v2\/posts\/10618"}],"collection":[{"href":"https:\/\/www.factorenergia.com\/ca\/wp-json\/wp\/v2\/posts"}],"about":[{"href":"https:\/\/www.factorenergia.com\/ca\/wp-json\/wp\/v2\/types\/post"}],"author":[{"embeddable":true,"href":"https:\/\/www.factorenergia.com\/ca\/wp-json\/wp\/v2\/users\/17"}],"replies":[{"embeddable":true,"href":"https:\/\/www.factorenergia.com\/ca\/wp-json\/wp\/v2\/comments?post=10618"}],"version-history":[{"count":6,"href":"https:\/\/www.factorenergia.com\/ca\/wp-json\/wp\/v2\/posts\/10618\/revisions"}],"predecessor-version":[{"id":28427,"href":"https:\/\/www.factorenergia.com\/ca\/wp-json\/wp\/v2\/posts\/10618\/revisions\/28427"}],"wp:attachment":[{"href":"https:\/\/www.factorenergia.com\/ca\/wp-json\/wp\/v2\/media?parent=10618"}],"wp:term":[{"taxonomy":"category","embeddable":true,"href":"https:\/\/www.factorenergia.com\/ca\/wp-json\/wp\/v2\/categories?post=10618"},{"taxonomy":"post_tag","embeddable":true,"href":"https:\/\/www.factorenergia.com\/ca\/wp-json\/wp\/v2\/tags?post=10618"}],"curies":[{"name":"wp","href":"https:\/\/api.w.org\/{rel}","templated":true}]}}