{"id":10235,"date":"2021-03-12T13:15:34","date_gmt":"2021-03-12T11:15:34","guid":{"rendered":"https:\/\/www.factorenergia.com\/ca\/?post_type=blog&#038;p=10235"},"modified":"2025-08-06T15:21:23","modified_gmt":"2025-08-06T13:21:23","slug":"factorenergia-colabora-en-xarxa-autoconsum-compartit","status":"publish","type":"post","link":"https:\/\/www.factorenergia.com\/ca\/blog\/noticies\/factorenergia-colabora-en-xarxa-autoconsum-compartit\/","title":{"rendered":"Factorenergia en la primera xarxa d&#8217;autoconsum compartit basat en \u2018blockchain\u2019"},"content":{"rendered":"\n<script type=\"text\/javascript\" id=\"auto-index\" async defer>\n\n      function indexContent(context){\n\n      var container = document.querySelector(context);\n\n      element = document.getElementById(\"accordion-index\");\n      var titles = Array.from(container.querySelectorAll(\"h2,h3\"));\n\n      for (var i = 0, l = titles.length; i < l; i++) {\n\n\t\tjQuery('#accordionIndex').show();\n\n        var tit = titles[i];\n\t\tvar newTitle = tit.textContent.toLowerCase().replace(\/[^a-zA-Z ]\/g, \"\").replace(\/\\s\/g, '-');\n\t\tvar numTag = Number(tit.tagName.replace(\/[^1-9]\/g, \"\"));\n\t\tvar tagWidth = (numTag*20);\n\n\t\tvar preText = '<span style=\"margin-left:' + tagWidth + 'px\"><\/span>';\n\n        tit.setAttribute(\"id\", newTitle);\n\t\tjQuery(tit).addClass('h-inline');\n\t\t\n\t\tvar toIndex = '<p class=\"h-inline\"><a class=\"blog-toindex\" href=\"#accordionIndex\"><span class=\"glyphicon glyphicon-chevron-up\" aria-hidden=\"true\"><\/span><\/a><\/p>';\n\n\t\tjQuery(toIndex).insertAfter(tit);\n\n        var node = document.createElement(\"LI\");                 \n        var link = document.createElement(\"A\");\n        var textnode = document.createTextNode(tit.textContent);\n\n        link.appendChild(textnode);\n        link.setAttribute(\"href\", '#' + newTitle);\n\t\t\/\/link.setAttribute(\"style\", \"margin-left:\" + tagWidth + \"px\");\n\t\tlink.setAttribute(\"class\", \"acc-h\" + numTag);\n        node.appendChild(link);\n\n        element.appendChild(node);\n\n      }\n    }\n\n    jQuery(document).ready(function(){\t\t\n\t\tindexContent(\".single-post-content\");\n\n\t\tjQuery(\".accordion-toggle\").click(function() {\n\t\t\tjQuery(this).toggleClass(\"open\");\n\t\t\tjQuery(\"#collapseIndex\").slideToggle(\"in\");\n\t\t});\n\t});\n\n\n<\/script>\n\n<style>\n\t.accordion-toggle{\n\t\tcursor:pointer;\n\t}\n\n\t#accordionIndex .panel-heading{\n\t\tmargin-bottom:0px;\n\t}\n\n\t.articulo ul, .articulo ol{\n\t\tmargin-bottom:auto;\n\t}\n\n\t.h-inline{\n\t\tdisplay: inline-flex;\n\t\tflex-wrap: wrap\n\t}\n\t#accordion-index{\n\t\tpadding-left:0px;\n\t}\n\t#accordion-index li a{\n\t\tdisplay:block;\n\t\tpadding-top:5px;\n\t}\n\n\t.acc-h2{\n\t\tmargin-left:0px;\n\t\tposition: relative;\n\t}\n\n\t.acc-h3{\n\t\tmargin-left:25px;\n\t}\n\n\t.acc-h3::before{\n\t\tcontent: \"\";\n\t\tbackground-color:var(--blue-light);\n\t\tmargin-left:-10px;\n\t\twidth: 7px;\n\t\theight: 7px;\n\t\tdisplay: inline-block;\n\t\ttext-align: center;\n\t\tborder-radius: 1000px;\n\t\tmargin-right: 10px;\n    \tmargin-bottom: 2px;\n\t}\n\n\t.acc-h4{\n\t\tmargin-left:40px;\n\t}\n\n\t.acc-h4::before{\n\t\tcontent: \"\";\n\t\tborder: 1px solid var(--blue-light);\n\t\tmargin-left:-5px;\n\t\twidth: 7px;\n\t\theight: 7px;\n\t\tdisplay: inline-block;\n\t\ttext-align: center;\n\t\tborder-radius: 100%;\n\t\tmargin-right: 10px;\n    \tmargin-bottom: 2px;\n\t}\n\n\t.acc-h3:hover::before{\n\t\tbackground-color: var(--blue-darkest);\n\t}\n\n\t.acc-h4:hover::before{\n\t\tborder-color: var(--blue-darkest);\n\t}\n\n\t@media (max-width: 992px){\n\t\t.acc-h2{\n\t\t\tmargin-left:0px;\n\t\t}\n\t\t.acc-h3{\n\t\t\tmargin-left:20px;\n\t\t}\n\t\t.acc-h4{\n\t\t\tmargin-left:40px;\n\t\t}\n\t}\n\n\t\/*\n\th2.h-inline:after,\n\th3.h-inline:after{\n\t\theight: 24px;\n\t\tcontent: \"\";\n\t\tdisplay: table-row;\n\t}*\/\n<\/style>\n\n<div id=\"table-accordion-index\">\n\t<div class=\"panel-group\" id=\"accordionIndex\">\n\t\t<div class=\"panel panel-default\">\n\t\t\t<div class=\"panel-heading\">\n\t\t\t\t<div class=\"panel-title open\"><div class=\"accordion-toggle\" data-toggle=\"collapse\" data-parent=\"#accordion\" aria-expanded=\"true\">\u00edndex<\/div><\/div>\n\t\t\t<\/div>\n\t\t\t<div id=\"collapseIndex\" class=\"panel-collapse collapse in\" aria-expanded=\"true\">\n\t\t\t\t<div class=\"panel-body\">\n\t\t\t\t\t<ul id=\"accordion-index\">\n\t\t\t\t\t<\/ul>\n\t\t\t\t<\/div>\n\t\t\t<\/div>\n\t\t<\/div>\n\t<\/div>\n<\/div>\n<p style=\"text-align: justify;\"><span>Factorenergia ha col\u00b7laborat, com a comercialitzadora energ\u00e8tica, en el projecte de la primera xarxa de <a href=\"https:\/\/www.factorenergia.com\/ca\/llars\/plaques-solars\/\" title=\"autoconsum fotovoltaic\" target=\"_blank\" rel=\"noopener\">autoconsum<\/a> compartit basat en \u2018blockchain, juntament amb Blockchain Digital Energy com a prove\u00efdor de la plataforma tecnol\u00f2gica.<\/span><\/p>\n<p style=\"text-align: justify;\">En aquest projecte impulsat pel Departament de Pol\u00edtiques Digitals i la <a href=\"http:\/\/icaen.gencat.cat\/ca\/inici\" title=\"ICAEN\" target=\"_blank\" rel=\"nofollow noopener noreferrer\">ICAEN<\/a>\u00a0(l&#8217;Institut Catal\u00e0 d&#8217;Energia), en el marc de la Estrat\u00e8gia Blockchain de Catalunya, es vol validar la capacitat d&#8217;aplicar la tecnologia Blockchain. Alhora tamb\u00e9 es vol corroborar la seva potencialitat en els projectes de transformaci\u00f3 i transici\u00f3 energ\u00e8tica dins i fora de l&#8217;administraci\u00f3 p\u00fablica.<\/p>\n<p style=\"text-align: justify;\">El projecte pilot consisteix en la connexi\u00f3 del Jutjat de Rub\u00ed i l&#8217;IES Torrent dels Alous, a trav\u00e9s de la xarxa, per a <strong>maximitzar el rendiment de <span>la<\/span><a href=\"https:\/\/www.factorenergia.com\/ca\/llars\/plaques-solars\/\"><span>\u00a0<\/span>instal\u00b7laci\u00f3<span> de <\/span>plaques solars<\/a> de l&#8217;Institut, reduir la despesa energ\u00e8tica i permetre la gesti\u00f3 i compartici\u00f3 de l&#8217;energia generada.<\/strong><\/p>\n<p style=\"text-align: justify;\"><div class=\"widget-form\">\r\n    \n<div class=\"wpcf7 no-js\" id=\"wpcf7-f21837-o1\" lang=\"es-ES\" dir=\"ltr\">\n<div class=\"screen-reader-response\"><p role=\"status\" aria-live=\"polite\" aria-atomic=\"true\"><\/p> <ul><\/ul><\/div>\n<form action=\"\/ca\/wp-json\/wp\/v2\/posts\/10235#wpcf7-f21837-o1\" method=\"post\" class=\"wpcf7-form init\" aria-label=\"Contact form\" novalidate=\"novalidate\" data-status=\"init\">\n<div style=\"display: none;\">\n<input type=\"hidden\" name=\"_wpcf7\" value=\"21837\" \/>\n<input type=\"hidden\" name=\"_wpcf7_version\" value=\"5.9\" \/>\n<input type=\"hidden\" name=\"_wpcf7_locale\" value=\"es_ES\" \/>\n<input type=\"hidden\" name=\"_wpcf7_unit_tag\" value=\"wpcf7-f21837-o1\" \/>\n<input type=\"hidden\" name=\"_wpcf7_container_post\" value=\"0\" \/>\n<input type=\"hidden\" name=\"_wpcf7_posted_data_hash\" value=\"\" \/>\n<input type=\"hidden\" name=\"_wpcf7_recaptcha_response\" value=\"\" \/>\n<\/div>\n<div class=\"widget-simple-form-ac\">\n\t<div class=\"header-ac\">\n\t\t<p>Aconsegueix el teu estudi gratu\u00eft\n\t\t<\/p>\n\t\t<div class=\"close-form\">\n\t\t\t<p>X\n\t\t\t<\/p>\n\t\t<\/div>\n\t<\/div>\n\t<div class=\"widget-form-ac-container\">\n\t\t<p class=\"subtitle-ac-form\">Amb les nostres Plaques Solars + Bateria Virtual, <span class=\"blue\">redueix a 0\u20ac el consum de la teva factura de la llum.<\/span> No et quedis sense el teu estudi gratis!\n\t\t<\/p>\n\t\t<div class=\"inputs-container\">\n\t\t\t<div class=\"input\">\n\t\t\t\t<p><span class=\"wpcf7-form-control-wrap\" data-name=\"name1\"><input size=\"40\" class=\"wpcf7-form-control wpcf7-text wpcf7-validates-as-required\" id=\"name\" aria-required=\"true\" aria-invalid=\"false\" placeholder=\"Nom\" value=\"\" type=\"text\" name=\"name1\" \/><\/span>\n\t\t\t\t<\/p>\n\t\t\t\t<div class=\"error\">\n\t\t\t\t\t<p><span role='alert' class='wpcf7-not-valid-tip'><\/span>\n\t\t\t\t\t<\/p>\n\t\t\t\t<\/div>\n\t\t\t<\/div>\n\t\t\t<div class=\"input\">\n\t\t\t\t<p><span class=\"wpcf7-form-control-wrap\" data-name=\"lastname\"><input size=\"40\" class=\"wpcf7-form-control wpcf7-text wpcf7-validates-as-required\" id=\"lastname\" aria-required=\"true\" aria-invalid=\"false\" placeholder=\"Cognom\" value=\"\" type=\"text\" name=\"lastname\" \/><\/span>\n\t\t\t\t<\/p>\n\t\t\t\t<div class=\"error\">\n\t\t\t\t\t<p><span role='alert' class='wpcf7-not-valid-tip'><\/span>\n\t\t\t\t\t<\/p>\n\t\t\t\t<\/div>\n\t\t\t<\/div>\n\t\t<\/div>\n\t\t<div class=\"inputs-container\">\n\t\t\t<div class=\"input\">\n\t\t\t\t<p><span class=\"wpcf7-form-control-wrap\" data-name=\"email\"><input size=\"40\" class=\"wpcf7-form-control wpcf7-email wpcf7-validates-as-required wpcf7-text wpcf7-validates-as-email\" aria-required=\"true\" aria-invalid=\"false\" placeholder=\"Email\" value=\"\" type=\"email\" name=\"email\" \/><\/span>\n\t\t\t\t<\/p>\n\t\t\t\t<div class=\"error\">\n\t\t\t\t\t<p><span role='alert' class='wpcf7-not-valid-tip'><\/span>\n\t\t\t\t\t<\/p>\n\t\t\t\t<\/div>\n\t\t\t<\/div>\n\t\t\t<div class=\"input\">\n\t\t\t\t<p><span class=\"wpcf7-form-control-wrap\" data-name=\"tel\"><input size=\"40\" class=\"wpcf7-form-control wpcf7-tel wpcf7-validates-as-required wpcf7-text wpcf7-validates-as-tel\" aria-required=\"true\" aria-invalid=\"false\" placeholder=\"Tel\u00e8fon\" value=\"\" type=\"tel\" name=\"tel\" \/><\/span>\n\t\t\t\t<\/p>\n\t\t\t\t<div class=\"error\">\n\t\t\t\t\t<p><span role='alert' class='wpcf7-not-valid-tip'><\/span>\n\t\t\t\t\t<\/p>\n\t\t\t\t<\/div>\n\t\t\t<\/div>\n\t\t<\/div>\n\t\t<p class=\"legal-text\">En enviar aquest formulari consent que les seves dades siguin tractades per FACTORENERGIA S.A., com a corresponsables, per a remetre-li ofertes i informaci\u00f3 comercial. Pot exercitar els seus drets conforme a l'indicat en la nostra <a href=\"\/ca\/privacidad\/\">Pol\u00edtica de privacitat.<\/a>\n\t\t<\/p>\n\t\t<div class=\"inputs-container\">\n\t\t\t<div class=\"button-submit\">\n\t\t\t\t<p><input class=\"wpcf7-form-control wpcf7-submit has-spinner primary-btn green-btn btn-submit\" type=\"submit\" value=\"Demana el teu estudi gratis\" \/>\n\t\t\t\t<\/p>\n\t\t\t<\/div>\n\t\t<\/div>\n\t<\/div>\n<\/div><div class=\"wpcf7-response-output\" aria-hidden=\"true\"><\/div>\n<\/form>\n<\/div>\n<\/div>\r\n\r\n<div class=\"widget-form-sended\" style=\"display: none\">\r\n    <h4><b>Ben fet!<\/b> Aquest \u00e9s el teu primer pas cap a la independ\u00e8ncia energ\u00e8tica.<\/h4>\r\n    <p>En un m\u00e0xim de 48 hores, un especialista es posar\u00e0 en contacte amb tu per a estudiar el teu cas, assessorar-te i oferir-te la millor soluci\u00f3 energ\u00e8tica.<\/p>\r\n    <div class=\"inputs-container\">\r\n        <div class=\"button-submit\">\r\n            <a class=\"primary-btn center otro-estudio green-btn\">\r\n                Demanar un altre estudi gratis            <\/a>\r\n        <\/div>\r\n        <div class=\"trustpilot-widget trust-widget-form-ac\" data-locale=\"es-ES\" data-template-id=\"5419b732fbfb950b10de65e5\" data-businessunit-id=\"5fd8ae6f2ead35000193bbae\" data-style-height=\"24px\" data-style-width=\"100%\" data-theme=\"light\" style=\"position: relative;\"><iframe title=\"Customer reviews powered by Trustpilot\" loading=\"auto\" src=\"https:\/\/widget.trustpilot.com\/trustboxes\/5419b732fbfb950b10de65e5\/index.html?templateId=5419b732fbfb950b10de65e5&amp;businessunitId=5fd8ae6f2ead35000193bbae#locale=es-ES&amp;styleHeight=24px&amp;styleWidth=100%25&amp;theme=light\" style=\"position: relative; height: 24px; width: 100%; border-style: none; display: block; overflow: hidden;\"><\/iframe><\/div>\r\n    <\/div>\r\n<\/div>\r\n<\/p>\n<h2 style=\"font-size: 20px !important; color: #777777;\"><strong>Autoconsum compartit a trav\u00e9s de la xarxa<\/strong><\/h2>\n<p style=\"text-align: justify;\">Aquesta \u00e9s la primera experi\u00e8ncia d&#8217;<strong>autoconsum compartit<\/strong> a trav\u00e9s de la xarxa entre dues instal\u00b7lacions de titularitat de la Generalitat. El pilot permet interconnectar la xarxa el\u00e8ctrica de tots dos edificis amb usos p\u00fablics i aix\u00ed gestionar i compartir l&#8217;energia generada per les plaques solars instal\u00b7lades en l&#8217;Institut.<\/p>\n<p style=\"text-align: justify;\"><picture><source srcset=\"https:\/\/www.factorenergia.com\/wp-content\/webp-express\/webp-images\/uploads\/2021\/03\/autoconsumo-electrico-compartido.jpg.webp 799w, https:\/\/www.factorenergia.com\/wp-content\/webp-express\/webp-images\/uploads\/2021\/03\/autoconsumo-electrico-compartido-300x200.jpg.webp 300w, https:\/\/www.factorenergia.com\/wp-content\/webp-express\/webp-images\/uploads\/2021\/03\/autoconsumo-electrico-compartido-768x512.jpg.webp 768w, https:\/\/www.factorenergia.com\/wp-content\/webp-express\/webp-images\/uploads\/2021\/03\/autoconsumo-electrico-compartido-265x177.jpg.webp 265w, https:\/\/www.factorenergia.com\/wp-content\/webp-express\/webp-images\/uploads\/2021\/03\/autoconsumo-electrico-compartido-90x60.jpg.webp 90w, https:\/\/www.factorenergia.com\/wp-content\/webp-express\/webp-images\/uploads\/2021\/03\/autoconsumo-electrico-compartido-170x113.jpg.webp 170w, https:\/\/www.factorenergia.com\/wp-content\/webp-express\/webp-images\/uploads\/2021\/03\/autoconsumo-electrico-compartido-540x360.jpg.webp 540w, https:\/\/www.factorenergia.com\/wp-content\/webp-express\/webp-images\/uploads\/2021\/03\/autoconsumo-electrico-compartido-450x300.jpg.webp 450w, https:\/\/www.factorenergia.com\/wp-content\/webp-express\/webp-images\/uploads\/2021\/03\/autoconsumo-electrico-compartido-500x334.jpg.webp 500w\" sizes=\"(max-width: 799px) 100vw, 799px\" type=\"image\/webp\"><img loading=\"lazy\" decoding=\"async\" src=\"https:\/\/www.factorenergia.com\/wp-content\/uploads\/2021\/03\/autoconsumo-electrico-compartido.jpg\" alt=\"autoconsum el\u00e8ctric compartit\" width=\"799\" height=\"533\" class=\"alignnone wp-image-10425 size-full webpexpress-processed\" title=\"autoconsum fotovoltaic compartit\" srcset=\"https:\/\/www.factorenergia.com\/wp-content\/uploads\/2021\/03\/autoconsumo-electrico-compartido.jpg 799w, https:\/\/www.factorenergia.com\/wp-content\/uploads\/2021\/03\/autoconsumo-electrico-compartido-300x200.jpg 300w, https:\/\/www.factorenergia.com\/wp-content\/uploads\/2021\/03\/autoconsumo-electrico-compartido-768x512.jpg 768w, https:\/\/www.factorenergia.com\/wp-content\/uploads\/2021\/03\/autoconsumo-electrico-compartido-265x177.jpg 265w, https:\/\/www.factorenergia.com\/wp-content\/uploads\/2021\/03\/autoconsumo-electrico-compartido-90x60.jpg 90w, https:\/\/www.factorenergia.com\/wp-content\/uploads\/2021\/03\/autoconsumo-electrico-compartido-170x113.jpg 170w, https:\/\/www.factorenergia.com\/wp-content\/uploads\/2021\/03\/autoconsumo-electrico-compartido-540x360.jpg 540w, https:\/\/www.factorenergia.com\/wp-content\/uploads\/2021\/03\/autoconsumo-electrico-compartido-450x300.jpg 450w, https:\/\/www.factorenergia.com\/wp-content\/uploads\/2021\/03\/autoconsumo-electrico-compartido-500x334.jpg 500w\" sizes=\"(max-width: 799px) 100vw, 799px\"><\/picture><\/p>\n<p style=\"text-align: justify;\">D&#8217;aquesta manera, l&#8217;energia generada en la instal\u00b7laci\u00f3 fotovoltaica i que no sigui consumida per l&#8217;Institut, ser\u00e0 derivada autom\u00e0ticament als jutjats. Les dues instal\u00b7lacions (Institut i Jutjat) <strong>veuran redu\u00efda la seva factura energ\u00e8tica<\/strong>.<\/p>\n<p style=\"text-align: justify;\">Compartir l&#8217;energia generada en la instal\u00b7laci\u00f3 fotovoltaica de l&#8217;Institut \u00e9s possible gr\u00e0cies a la <strong>tecnologia blockchain<\/strong>, que actua com a garant del proc\u00e9s en les lectures de generaci\u00f3 i consum per a cada part\u00edcip de la instal\u00b7laci\u00f3.<\/p>\n<p style=\"text-align: justify;\">\r\n<script type=\"text\/javascript\" async defer>\r\n\r\n    jQuery(document).ready(function(){\t\t\r\n\t\t\r\n\t});\r\n<\/script>\r\n\r\n<style>\r\n\t.block-interested_posts{\r\n        margin-top: 10px;\r\n        padding: 20px;\r\n        border: 2px solid #92C200;\r\n    }\r\n    .block-interested_posts ul{\r\n        margin-bottom:0px;\r\n    }\r\n    .block-interested_posts ul li{\r\n        margin-bottom:5px;\r\n    }\r\n    .block-interested_posts ul li a{\r\n        \/*color: #DF981E;*\/\r\n    }\r\n\r\n<\/style>\r\n\r\n<div class=\"block-interested_posts\">\r\n    <p><strong>Post que et poden interessar<\/strong><\/p>\r\n    <ul>\r\n                    <li><a href=\"https:\/\/www.factorenergia.com\/ca\/blog\/noticies\/factor-energia-generacion-ca\/\" title=\"Neix la filial Factor Energ\u00eda Generaci\u00f3n\">Neix la filial Factor Energ\u00eda Generaci\u00f3n<\/a><\/li>\r\n            <\/ul>\t\r\n<\/div><\/p>\n<h3 style=\"font-size: 20px !important; color: #777777;\"><strong>Sobre el paper del blockchain<\/strong><\/h3>\n<p style=\"text-align: justify;\">La tecnologia blockchain actua com un <strong>notari digital que certifica la generaci\u00f3 i consum de l&#8217;energia generada<\/strong>\u00a0(fotovoltaica, e\u00f2lica &#8230;) certificant el seu origen d&#8217;energia verda, el volum produ\u00eft, el lloc i la franja hor\u00e0ria tarif\u00e0ria aplicable.<\/p>\n<p style=\"text-align: justify;\">Aquesta tecnologia permet, de manera fefaent, digitalitzar l&#8217;energia, gestionar els excedents (vendre&#8217;ls, cedir-los a un altre equipament de la Generalitat de Catalunya, o a altres entitats, a fam\u00edlies amb dificultats, etc), amb la plena garantia del seu origen verd. Permetent una tra\u00e7abilitat des de la generaci\u00f3 al consum i generant un ingr\u00e9s passiu als propietaris de les instal\u00b7lacions d&#8217;autoconsum.<\/p>\n<h3 style=\"font-size: 20px !important; color: #777777;\"><strong>La prova pilot del projecte<\/strong><\/h3>\n<p style=\"text-align: justify;\">Xavier Farriols, Director General del Negoci El\u00e8ctric de factorenergia, juntament amb el secretari de Pol\u00edtiques Digitals, David Ferrer, i el director general d\u2019Energia, Seguretat industrial i Seguretat minera, i director de l\u2019ICAEN, Manel Torrent, han visitat avui a Rub\u00ed la prova pilot del projecte. Aquest ha estat impulsat pel Departament de Pol\u00edtiques Digitals i l\u2019ICAEN en el marc de l\u2019Estrat\u00e8gia Blockchain de Catalunya i ha comptat tamb\u00e9 amb la implicaci\u00f3 dels departaments d\u2019Educaci\u00f3 i de Just\u00edcia.<\/p>\n<p style=\"text-align: justify;\">A la visita tamb\u00e9 hi han participat, entre d\u2019altres, Henry Daunert, CEO de FlexVPC, prove\u00efdora de la plataforma tecnol\u00f2gica.<\/p>\n<h2 style=\"font-size: 20px !important; color: #777777;\"><strong>Factorenergia aposta per la innovaci\u00f3 i les energies renovables<\/strong><\/h2>\n<p style=\"text-align: justify;\">Una vegada m\u00e9s, des de factorenergia apostem per l&#8217;<strong>autoconsum com una de les claus per a la transici\u00f3 energ\u00e8tica<\/strong> cap a un model m\u00e9s sostenible.<\/p>\n<p style=\"text-align: justify;\">Per aquest motiu, t&#8217;oferim una soluci\u00f3 integral per a un instal\u00b7laci\u00f3 d&#8217;autoconsum compartit. No ho dubtis, i contacta&#8217;ns en la web, o en solar@factorenergia.com. T&#8217;enviarem una oferta totalment personalitzada. Aposta per l&#8217;autoconsum amb factorenergia!<\/p>\n<p>&nbsp;<\/p>\n","protected":false},"excerpt":{"rendered":"<p> Factorenergia col\u00b7labora en un projecte pilot a Rub\u00ed, que consisteix en la connexi\u00f3 del Jutjat de la ciutat i l\u2019IES Torrent dels Alous, a trav\u00e9s de la xarxa per maximitzar el rendiment de les plaques solars de l&#8217;Institut. Aquest projecte permetr\u00e0 reduir la despesa energ\u00e8tica i permetre la gesti\u00f3 i compartici\u00f3 de l\u2019energia generada. <\/p>\n","protected":false},"author":17,"featured_media":0,"comment_status":"open","ping_status":"closed","sticky":false,"template":"","format":"standard","meta":{"inline_featured_image":false,"footnotes":""},"categories":[61],"tags":[],"acf":{"fecha_de_la_entrada":"20210312","imagen_portada":29761,"categoria_blog":null,"tipo_de_distribuidora":null,"tiempo_lectura":"","banner_bool":false,"titulo_banner":"","texto_banner":"","texto_boton_banner":"","url_boton_banner":"","post_relacionados":""},"yoast_head":"<!-- This site is optimized with the Yoast SEO plugin v22.2 - https:\/\/yoast.com\/wordpress\/plugins\/seo\/ -->\n<title>Factorenergia col\u00b7labora en la primera xarxa d&#039;autoconsum compartit<\/title>\n<meta name=\"description\" content=\"Factorenergia ha col\u00b7laborat en el projecte de la primera xarxa d&#039;autoconsum compartit, basada en &quot;blockchain&quot;. T&#039;ho expliquem tot.\" \/>\n<meta name=\"robots\" content=\"index, follow, max-snippet:-1, max-image-preview:large, max-video-preview:-1\" \/>\n<link rel=\"canonical\" href=\"https:\/\/www.factorenergia.com\/ca\/blog\/noticies\/factorenergia-colabora-en-xarxa-autoconsum-compartit\/\" \/>\n<meta name=\"twitter:card\" content=\"summary_large_image\" \/>\n<meta name=\"twitter:title\" content=\"Factorenergia col\u00b7labora en la primera xarxa d&#039;autoconsum compartit\" \/>\n<meta name=\"twitter:description\" content=\"Factorenergia ha col\u00b7laborat en el projecte de la primera xarxa d&#039;autoconsum compartit, basada en &quot;blockchain&quot;. T&#039;ho expliquem tot.\" \/>\n<meta name=\"twitter:image\" content=\"https:\/\/www.factorenergia.com\/wp-content\/uploads\/2021\/03\/autoconsumo-electrico-compartido.jpg\" \/>\n<meta name=\"twitter:creator\" content=\"@factorenergia\" \/>\n<meta name=\"twitter:site\" content=\"@factorenergia\" \/>\n<meta name=\"twitter:label1\" content=\"Written by\" \/>\n\t<meta name=\"twitter:data1\" content=\"Equipo Transici\u00f3n Energ\u00e9tica Factorenergia\" \/>\n\t<meta name=\"twitter:label2\" content=\"Est. reading time\" \/>\n\t<meta name=\"twitter:data2\" content=\"3 minutes\" \/>\n<script type=\"application\/ld+json\" class=\"yoast-schema-graph\">{\"@context\":\"https:\/\/schema.org\",\"@graph\":[{\"@type\":\"WebPage\",\"@id\":\"https:\/\/www.factorenergia.com\/ca\/blog\/noticies\/factorenergia-colabora-en-xarxa-autoconsum-compartit\/\",\"url\":\"https:\/\/www.factorenergia.com\/ca\/blog\/noticies\/factorenergia-colabora-en-xarxa-autoconsum-compartit\/\",\"name\":\"Factorenergia col\u00b7labora en la primera xarxa d'autoconsum compartit\",\"isPartOf\":{\"@id\":\"https:\/\/www.factorenergia.com\/es\/#website\"},\"primaryImageOfPage\":{\"@id\":\"https:\/\/www.factorenergia.com\/ca\/blog\/noticies\/factorenergia-colabora-en-xarxa-autoconsum-compartit\/#primaryimage\"},\"image\":{\"@id\":\"https:\/\/www.factorenergia.com\/ca\/blog\/noticies\/factorenergia-colabora-en-xarxa-autoconsum-compartit\/#primaryimage\"},\"thumbnailUrl\":\"https:\/\/www.factorenergia.com\/wp-content\/uploads\/2021\/03\/autoconsumo-electrico-compartido.jpg\",\"datePublished\":\"2021-03-12T11:15:34+00:00\",\"dateModified\":\"2025-08-06T13:21:23+00:00\",\"author\":{\"@id\":\"https:\/\/www.factorenergia.com\/es\/#\/schema\/person\/dff9e4b6dc520720e3a37bdaaedc5841\"},\"description\":\"Factorenergia ha col\u00b7laborat en el projecte de la primera xarxa d'autoconsum compartit, basada en \\\"blockchain\\\". T'ho expliquem tot.\",\"breadcrumb\":{\"@id\":\"https:\/\/www.factorenergia.com\/ca\/blog\/noticies\/factorenergia-colabora-en-xarxa-autoconsum-compartit\/#breadcrumb\"},\"inLanguage\":\"ca\",\"potentialAction\":[{\"@type\":\"ReadAction\",\"target\":[\"https:\/\/www.factorenergia.com\/ca\/blog\/noticies\/factorenergia-colabora-en-xarxa-autoconsum-compartit\/\"]}]},{\"@type\":\"ImageObject\",\"inLanguage\":\"ca\",\"@id\":\"https:\/\/www.factorenergia.com\/ca\/blog\/noticies\/factorenergia-colabora-en-xarxa-autoconsum-compartit\/#primaryimage\",\"url\":\"https:\/\/www.factorenergia.com\/wp-content\/uploads\/2021\/03\/autoconsumo-electrico-compartido.jpg\",\"contentUrl\":\"https:\/\/www.factorenergia.com\/wp-content\/uploads\/2021\/03\/autoconsumo-electrico-compartido.jpg\"},{\"@type\":\"BreadcrumbList\",\"@id\":\"https:\/\/www.factorenergia.com\/ca\/blog\/noticies\/factorenergia-colabora-en-xarxa-autoconsum-compartit\/#breadcrumb\",\"itemListElement\":[{\"@type\":\"ListItem\",\"position\":1,\"name\":\"Portada\",\"item\":\"https:\/\/www.factorenergia.com\/ca\/\"},{\"@type\":\"ListItem\",\"position\":2,\"name\":\"Factorenergia en la primera xarxa d&#8217;autoconsum compartit basat en \u2018blockchain\u2019\"}]},{\"@type\":\"WebSite\",\"@id\":\"https:\/\/www.factorenergia.com\/es\/#website\",\"url\":\"https:\/\/www.factorenergia.com\/es\/\",\"name\":\"factorenergia\",\"description\":\"factorenergia\",\"potentialAction\":[{\"@type\":\"SearchAction\",\"target\":{\"@type\":\"EntryPoint\",\"urlTemplate\":\"https:\/\/www.factorenergia.com\/es\/?s={search_term_string}\"},\"query-input\":\"required name=search_term_string\"}],\"inLanguage\":\"ca\"},{\"@type\":\"Person\",\"@id\":\"https:\/\/www.factorenergia.com\/es\/#\/schema\/person\/dff9e4b6dc520720e3a37bdaaedc5841\",\"name\":\"Equipo Transici\u00f3n Energ\u00e9tica Factorenergia\",\"image\":{\"@type\":\"ImageObject\",\"inLanguage\":\"ca\",\"@id\":\"https:\/\/www.factorenergia.com\/es\/#\/schema\/person\/image\/\",\"url\":\"https:\/\/secure.gravatar.com\/avatar\/1b7c76bab80ee1c4261b06108874e24b?s=96&d=mm&r=g\",\"contentUrl\":\"https:\/\/secure.gravatar.com\/avatar\/1b7c76bab80ee1c4261b06108874e24b?s=96&d=mm&r=g\",\"caption\":\"Equipo Transici\u00f3n Energ\u00e9tica Factorenergia\"},\"description\":\"El equipo est\u00e1 formado por expertos en materia de Luz, Gas y Eficiencia Energ\u00e9tica, que conocen de primera mano las tendencias del mercado. Su experiencia en el sector les permite ofrecer las mejores soluciones energ\u00e9ticas y resolver las dudas planteadas por los clientes.\",\"sameAs\":[\"https:\/\/www.factorenergia.com\/es\/\",\"https:\/\/www.facebook.com\/factorenergiacom\",\"https:\/\/www.instagram.com\/factorenergia_com\/\",\"https:\/\/es.linkedin.com\/company\/factor-energia\",\"https:\/\/twitter.com\/factorenergia\",\"https:\/\/www.youtube.com\/c\/factorenergiacom\"],\"url\":\"https:\/\/www.factorenergia.com\/ca\/blog\/author\/marketing\/\"}]}<\/script>\n<!-- \/ Yoast SEO plugin. -->","yoast_head_json":{"title":"Factorenergia col\u00b7labora en la primera xarxa d'autoconsum compartit","description":"Factorenergia ha col\u00b7laborat en el projecte de la primera xarxa d'autoconsum compartit, basada en \"blockchain\". T'ho expliquem tot.","robots":{"index":"index","follow":"follow","max-snippet":"max-snippet:-1","max-image-preview":"max-image-preview:large","max-video-preview":"max-video-preview:-1"},"canonical":"https:\/\/www.factorenergia.com\/ca\/blog\/noticies\/factorenergia-colabora-en-xarxa-autoconsum-compartit\/","twitter_card":"summary_large_image","twitter_title":"Factorenergia col\u00b7labora en la primera xarxa d'autoconsum compartit","twitter_description":"Factorenergia ha col\u00b7laborat en el projecte de la primera xarxa d'autoconsum compartit, basada en \"blockchain\". T'ho expliquem tot.","twitter_image":"https:\/\/www.factorenergia.com\/wp-content\/uploads\/2021\/03\/autoconsumo-electrico-compartido.jpg","twitter_creator":"@factorenergia","twitter_site":"@factorenergia","twitter_misc":{"Written by":"Equipo Transici\u00f3n Energ\u00e9tica Factorenergia","Est. reading time":"3 minutes"},"schema":{"@context":"https:\/\/schema.org","@graph":[{"@type":"WebPage","@id":"https:\/\/www.factorenergia.com\/ca\/blog\/noticies\/factorenergia-colabora-en-xarxa-autoconsum-compartit\/","url":"https:\/\/www.factorenergia.com\/ca\/blog\/noticies\/factorenergia-colabora-en-xarxa-autoconsum-compartit\/","name":"Factorenergia col\u00b7labora en la primera xarxa d'autoconsum compartit","isPartOf":{"@id":"https:\/\/www.factorenergia.com\/es\/#website"},"primaryImageOfPage":{"@id":"https:\/\/www.factorenergia.com\/ca\/blog\/noticies\/factorenergia-colabora-en-xarxa-autoconsum-compartit\/#primaryimage"},"image":{"@id":"https:\/\/www.factorenergia.com\/ca\/blog\/noticies\/factorenergia-colabora-en-xarxa-autoconsum-compartit\/#primaryimage"},"thumbnailUrl":"https:\/\/www.factorenergia.com\/wp-content\/uploads\/2021\/03\/autoconsumo-electrico-compartido.jpg","datePublished":"2021-03-12T11:15:34+00:00","dateModified":"2025-08-06T13:21:23+00:00","author":{"@id":"https:\/\/www.factorenergia.com\/es\/#\/schema\/person\/dff9e4b6dc520720e3a37bdaaedc5841"},"description":"Factorenergia ha col\u00b7laborat en el projecte de la primera xarxa d'autoconsum compartit, basada en \"blockchain\". T'ho expliquem tot.","breadcrumb":{"@id":"https:\/\/www.factorenergia.com\/ca\/blog\/noticies\/factorenergia-colabora-en-xarxa-autoconsum-compartit\/#breadcrumb"},"inLanguage":"ca","potentialAction":[{"@type":"ReadAction","target":["https:\/\/www.factorenergia.com\/ca\/blog\/noticies\/factorenergia-colabora-en-xarxa-autoconsum-compartit\/"]}]},{"@type":"ImageObject","inLanguage":"ca","@id":"https:\/\/www.factorenergia.com\/ca\/blog\/noticies\/factorenergia-colabora-en-xarxa-autoconsum-compartit\/#primaryimage","url":"https:\/\/www.factorenergia.com\/wp-content\/uploads\/2021\/03\/autoconsumo-electrico-compartido.jpg","contentUrl":"https:\/\/www.factorenergia.com\/wp-content\/uploads\/2021\/03\/autoconsumo-electrico-compartido.jpg"},{"@type":"BreadcrumbList","@id":"https:\/\/www.factorenergia.com\/ca\/blog\/noticies\/factorenergia-colabora-en-xarxa-autoconsum-compartit\/#breadcrumb","itemListElement":[{"@type":"ListItem","position":1,"name":"Portada","item":"https:\/\/www.factorenergia.com\/ca\/"},{"@type":"ListItem","position":2,"name":"Factorenergia en la primera xarxa d&#8217;autoconsum compartit basat en \u2018blockchain\u2019"}]},{"@type":"WebSite","@id":"https:\/\/www.factorenergia.com\/es\/#website","url":"https:\/\/www.factorenergia.com\/es\/","name":"factorenergia","description":"factorenergia","potentialAction":[{"@type":"SearchAction","target":{"@type":"EntryPoint","urlTemplate":"https:\/\/www.factorenergia.com\/es\/?s={search_term_string}"},"query-input":"required name=search_term_string"}],"inLanguage":"ca"},{"@type":"Person","@id":"https:\/\/www.factorenergia.com\/es\/#\/schema\/person\/dff9e4b6dc520720e3a37bdaaedc5841","name":"Equipo Transici\u00f3n Energ\u00e9tica Factorenergia","image":{"@type":"ImageObject","inLanguage":"ca","@id":"https:\/\/www.factorenergia.com\/es\/#\/schema\/person\/image\/","url":"https:\/\/secure.gravatar.com\/avatar\/1b7c76bab80ee1c4261b06108874e24b?s=96&d=mm&r=g","contentUrl":"https:\/\/secure.gravatar.com\/avatar\/1b7c76bab80ee1c4261b06108874e24b?s=96&d=mm&r=g","caption":"Equipo Transici\u00f3n Energ\u00e9tica Factorenergia"},"description":"El equipo est\u00e1 formado por expertos en materia de Luz, Gas y Eficiencia Energ\u00e9tica, que conocen de primera mano las tendencias del mercado. Su experiencia en el sector les permite ofrecer las mejores soluciones energ\u00e9ticas y resolver las dudas planteadas por los clientes.","sameAs":["https:\/\/www.factorenergia.com\/es\/","https:\/\/www.facebook.com\/factorenergiacom","https:\/\/www.instagram.com\/factorenergia_com\/","https:\/\/es.linkedin.com\/company\/factor-energia","https:\/\/twitter.com\/factorenergia","https:\/\/www.youtube.com\/c\/factorenergiacom"],"url":"https:\/\/www.factorenergia.com\/ca\/blog\/author\/marketing\/"}]}},"_links":{"self":[{"href":"https:\/\/www.factorenergia.com\/ca\/wp-json\/wp\/v2\/posts\/10235"}],"collection":[{"href":"https:\/\/www.factorenergia.com\/ca\/wp-json\/wp\/v2\/posts"}],"about":[{"href":"https:\/\/www.factorenergia.com\/ca\/wp-json\/wp\/v2\/types\/post"}],"author":[{"embeddable":true,"href":"https:\/\/www.factorenergia.com\/ca\/wp-json\/wp\/v2\/users\/17"}],"replies":[{"embeddable":true,"href":"https:\/\/www.factorenergia.com\/ca\/wp-json\/wp\/v2\/comments?post=10235"}],"version-history":[{"count":4,"href":"https:\/\/www.factorenergia.com\/ca\/wp-json\/wp\/v2\/posts\/10235\/revisions"}],"predecessor-version":[{"id":29763,"href":"https:\/\/www.factorenergia.com\/ca\/wp-json\/wp\/v2\/posts\/10235\/revisions\/29763"}],"wp:attachment":[{"href":"https:\/\/www.factorenergia.com\/ca\/wp-json\/wp\/v2\/media?parent=10235"}],"wp:term":[{"taxonomy":"category","embeddable":true,"href":"https:\/\/www.factorenergia.com\/ca\/wp-json\/wp\/v2\/categories?post=10235"},{"taxonomy":"post_tag","embeddable":true,"href":"https:\/\/www.factorenergia.com\/ca\/wp-json\/wp\/v2\/tags?post=10235"}],"curies":[{"name":"wp","href":"https:\/\/api.w.org\/{rel}","templated":true}]}}