{"id":8021,"date":"2019-03-12T19:00:29","date_gmt":"2019-03-12T17:00:29","guid":{"rendered":"https:\/\/www.factorenergia.com\/ca\/?post_type=noticias-factorenerg&#038;p=8021"},"modified":"2022-05-27T13:33:07","modified_gmt":"2022-05-27T11:33:07","slug":"grup-nens-i-nenes-del-projecte-invulnerables-liderat-per-sor-lucia-caram-van-els-protagonistes-del-projecte-socioeducatiu-plantam-patrocinat-per-factorenergia","status":"publish","type":"noticias-factorenerg","link":"https:\/\/www.factorenergia.com\/ca\/noticias\/grup-nens-i-nenes-del-projecte-invulnerables-liderat-per-sor-lucia-caram-van-els-protagonistes-del-projecte-socioeducatiu-plantam-patrocinat-per-factorenergia\/","title":{"rendered":"Un grup de nens i nenes del projecte #Invulnerables liderat per Sor Lucia Caram van ser els \u00a0protagonistes del projecte socioeducatiu Planta&#8217;m patrocinat per factorenergia"},"content":{"rendered":"<h2>Invulnerables de Sor Lucia i Verd Vending<\/h2>\n<p><strong>Barcelona, 12 de mar\u00e7 2019<\/strong><\/p>\n<p>El dissabte 9 de mar\u00e7 es va celebrar la primera de les cinc plantades promoguda per <strong>Verd Vending<\/strong>, sota la direcci\u00f3 t\u00e8cnica de la fundaci\u00f3 internacional <strong>Plant- for- the \u2013Planet<\/strong>, amb el suport de la Diputaci\u00f3 de Barcelona i els diferents ajuntaments que hi participen.\u00a0Un grup de nens i nenes del projecte #Invulnerables liderat per Sor Lucia Caram van ser els\u00a0 protagonistes del projecte socioeducatiu Planta&#8217;m patrocinat per <strong>factorenergia<\/strong>.<\/p>\n<p>No es van voler perdre aquest acte, l&#8217;alcalde de Manresa Valent\u00ed Junyent, el regidor Jordi Serra Canta, el conseller delegat de <strong>VERD NATURA<\/strong> Jordi Cardoner, el president de Plant- for- the Planet Espa\u00f1a Josep Santacreu ni els representats dels diferents patrocinadors d\u2019aquest acte.<\/p>\n<p>L&#8217;objectiu d&#8217;aquestes jornades \u00e9s transmetre a la inf\u00e0ncia el valor afegit que representen els arbres, apropar el projecte a les empreses i escoles i lluitar plegats contra el <a href=\"https:\/\/www.factorenergia.com\/ca\/blog\/enten-la-factura-de-la-llum\/canvi-climatic-preu-la-llum\/\">canvi clim\u00e0tic<\/a>.<\/p>\n<p>La jornada va comen\u00e7ar amb el taller &#8220;El m\u00f3n que vols&#8221; on els nens i joves es van divertir dibuixant el m\u00f3n que s&#8217;imaginen quan siguin grans, despr\u00e8s els t\u00e8cnics van explicar la t\u00e8cnica per plantar un arbre o una planta a tots els presents.<\/p>\n<p>Els municipis on se celebrar\u00e0 les seg\u00fcents plantades populars \u00e9s a<strong> Mollet del Vall\u00e8s<\/strong> (dissabte 16 de mar\u00e7), <strong>Sant Sadurn\u00ed d&#8217;Anoia<\/strong> (diumenge 17 de mar\u00e7),<strong> Olivella<\/strong> (dissabte 23 de mar\u00e7) i <strong>Gurb<\/strong> (diumenge 24 de mar\u00e7).<\/p>\n<p>No t&#8217;ho perdis!<\/p>\n","protected":false},"excerpt":{"rendered":"<p>Invulnerables \u00e9s un projecte impulsat per Sor Luc\u00eda Caram, el seu objectiu \u00e9s el de lluitar contra la pobresa a la nostra societat i est\u00e0 dirigit als nens i les fam\u00edlies de Catalunya que viuen en un context de m\u00e0xima vulnerabilitat<\/p>\n","protected":false},"featured_media":0,"parent":0,"template":"","acf":{"fecha_de_la_entrada":null,"imagen_portada":8022,"categoria_blog":null,"tipo_de_distribuidora":null,"tiempo_lectura":"","banner_bool":false,"titulo_banner":"","texto_banner":"","texto_boton_banner":"","url_boton_banner":"","post_relacionados":null},"yoast_head":"<!-- This site is optimized with the Yoast SEO plugin v22.2 - https:\/\/yoast.com\/wordpress\/plugins\/seo\/ -->\n<title>Plantada d&#039;arbres d&#039;Invulnerables Sor Lucia - factorenergia<\/title>\n<meta name=\"description\" content=\"Els nens del projecte Invulnerables, de Sor Luc\u00eda Caram, van ser protagonistes de la plantada d&#039;arbres impulsada per factorenergia i Verd Vending.\" \/>\n<meta name=\"robots\" content=\"index, follow, max-snippet:-1, max-image-preview:large, max-video-preview:-1\" \/>\n<link rel=\"canonical\" href=\"https:\/\/www.factorenergia.com\/ca\/noticias\/grup-nens-i-nenes-del-projecte-invulnerables-liderat-per-sor-lucia-caram-van-els-protagonistes-del-projecte-socioeducatiu-plantam-patrocinat-per-factorenergia\/\" \/>\n<meta name=\"twitter:card\" content=\"summary_large_image\" \/>\n<meta name=\"twitter:title\" content=\"Plantada d&#039;arbres d&#039;Invulnerables Sor Lucia - factorenergia\" \/>\n<meta name=\"twitter:description\" content=\"Els nens del projecte Invulnerables, de Sor Luc\u00eda Caram, van ser protagonistes de la plantada d&#039;arbres impulsada per factorenergia i Verd Vending.\" \/>\n<meta name=\"twitter:site\" content=\"@factorenergia\" \/>\n<meta name=\"twitter:label1\" content=\"Est. reading time\" \/>\n\t<meta name=\"twitter:data1\" content=\"2 minutes\" \/>\n<script type=\"application\/ld+json\" class=\"yoast-schema-graph\">{\"@context\":\"https:\/\/schema.org\",\"@graph\":[{\"@type\":\"WebPage\",\"@id\":\"https:\/\/www.factorenergia.com\/ca\/noticias\/grup-nens-i-nenes-del-projecte-invulnerables-liderat-per-sor-lucia-caram-van-els-protagonistes-del-projecte-socioeducatiu-plantam-patrocinat-per-factorenergia\/\",\"url\":\"https:\/\/www.factorenergia.com\/ca\/noticias\/grup-nens-i-nenes-del-projecte-invulnerables-liderat-per-sor-lucia-caram-van-els-protagonistes-del-projecte-socioeducatiu-plantam-patrocinat-per-factorenergia\/\",\"name\":\"Plantada d'arbres d'Invulnerables Sor Lucia - factorenergia\",\"isPartOf\":{\"@id\":\"https:\/\/www.factorenergia.com\/es\/#website\"},\"datePublished\":\"2019-03-12T17:00:29+00:00\",\"dateModified\":\"2022-05-27T11:33:07+00:00\",\"description\":\"Els nens del projecte Invulnerables, de Sor Luc\u00eda Caram, van ser protagonistes de la plantada d'arbres impulsada per factorenergia i Verd Vending.\",\"breadcrumb\":{\"@id\":\"https:\/\/www.factorenergia.com\/ca\/noticias\/grup-nens-i-nenes-del-projecte-invulnerables-liderat-per-sor-lucia-caram-van-els-protagonistes-del-projecte-socioeducatiu-plantam-patrocinat-per-factorenergia\/#breadcrumb\"},\"inLanguage\":\"ca\",\"potentialAction\":[{\"@type\":\"ReadAction\",\"target\":[\"https:\/\/www.factorenergia.com\/ca\/noticias\/grup-nens-i-nenes-del-projecte-invulnerables-liderat-per-sor-lucia-caram-van-els-protagonistes-del-projecte-socioeducatiu-plantam-patrocinat-per-factorenergia\/\"]}]},{\"@type\":\"BreadcrumbList\",\"@id\":\"https:\/\/www.factorenergia.com\/ca\/noticias\/grup-nens-i-nenes-del-projecte-invulnerables-liderat-per-sor-lucia-caram-van-els-protagonistes-del-projecte-socioeducatiu-plantam-patrocinat-per-factorenergia\/#breadcrumb\",\"itemListElement\":[{\"@type\":\"ListItem\",\"position\":1,\"name\":\"Portada\",\"item\":\"https:\/\/www.factorenergia.com\/ca\/\"},{\"@type\":\"ListItem\",\"position\":2,\"name\":\"Un grup de nens i nenes del projecte #Invulnerables liderat per Sor Lucia Caram van ser els \u00a0protagonistes del projecte socioeducatiu Planta&#8217;m patrocinat per factorenergia\"}]},{\"@type\":\"WebSite\",\"@id\":\"https:\/\/www.factorenergia.com\/es\/#website\",\"url\":\"https:\/\/www.factorenergia.com\/es\/\",\"name\":\"factorenergia\",\"description\":\"factorenergia\",\"potentialAction\":[{\"@type\":\"SearchAction\",\"target\":{\"@type\":\"EntryPoint\",\"urlTemplate\":\"https:\/\/www.factorenergia.com\/es\/?s={search_term_string}\"},\"query-input\":\"required name=search_term_string\"}],\"inLanguage\":\"ca\"}]}<\/script>\n<!-- \/ Yoast SEO plugin. -->","yoast_head_json":{"title":"Plantada d'arbres d'Invulnerables Sor Lucia - factorenergia","description":"Els nens del projecte Invulnerables, de Sor Luc\u00eda Caram, van ser protagonistes de la plantada d'arbres impulsada per factorenergia i Verd Vending.","robots":{"index":"index","follow":"follow","max-snippet":"max-snippet:-1","max-image-preview":"max-image-preview:large","max-video-preview":"max-video-preview:-1"},"canonical":"https:\/\/www.factorenergia.com\/ca\/noticias\/grup-nens-i-nenes-del-projecte-invulnerables-liderat-per-sor-lucia-caram-van-els-protagonistes-del-projecte-socioeducatiu-plantam-patrocinat-per-factorenergia\/","twitter_card":"summary_large_image","twitter_title":"Plantada d'arbres d'Invulnerables Sor Lucia - factorenergia","twitter_description":"Els nens del projecte Invulnerables, de Sor Luc\u00eda Caram, van ser protagonistes de la plantada d'arbres impulsada per factorenergia i Verd Vending.","twitter_site":"@factorenergia","twitter_misc":{"Est. reading time":"2 minutes"},"schema":{"@context":"https:\/\/schema.org","@graph":[{"@type":"WebPage","@id":"https:\/\/www.factorenergia.com\/ca\/noticias\/grup-nens-i-nenes-del-projecte-invulnerables-liderat-per-sor-lucia-caram-van-els-protagonistes-del-projecte-socioeducatiu-plantam-patrocinat-per-factorenergia\/","url":"https:\/\/www.factorenergia.com\/ca\/noticias\/grup-nens-i-nenes-del-projecte-invulnerables-liderat-per-sor-lucia-caram-van-els-protagonistes-del-projecte-socioeducatiu-plantam-patrocinat-per-factorenergia\/","name":"Plantada d'arbres d'Invulnerables Sor Lucia - factorenergia","isPartOf":{"@id":"https:\/\/www.factorenergia.com\/es\/#website"},"datePublished":"2019-03-12T17:00:29+00:00","dateModified":"2022-05-27T11:33:07+00:00","description":"Els nens del projecte Invulnerables, de Sor Luc\u00eda Caram, van ser protagonistes de la plantada d'arbres impulsada per factorenergia i Verd Vending.","breadcrumb":{"@id":"https:\/\/www.factorenergia.com\/ca\/noticias\/grup-nens-i-nenes-del-projecte-invulnerables-liderat-per-sor-lucia-caram-van-els-protagonistes-del-projecte-socioeducatiu-plantam-patrocinat-per-factorenergia\/#breadcrumb"},"inLanguage":"ca","potentialAction":[{"@type":"ReadAction","target":["https:\/\/www.factorenergia.com\/ca\/noticias\/grup-nens-i-nenes-del-projecte-invulnerables-liderat-per-sor-lucia-caram-van-els-protagonistes-del-projecte-socioeducatiu-plantam-patrocinat-per-factorenergia\/"]}]},{"@type":"BreadcrumbList","@id":"https:\/\/www.factorenergia.com\/ca\/noticias\/grup-nens-i-nenes-del-projecte-invulnerables-liderat-per-sor-lucia-caram-van-els-protagonistes-del-projecte-socioeducatiu-plantam-patrocinat-per-factorenergia\/#breadcrumb","itemListElement":[{"@type":"ListItem","position":1,"name":"Portada","item":"https:\/\/www.factorenergia.com\/ca\/"},{"@type":"ListItem","position":2,"name":"Un grup de nens i nenes del projecte #Invulnerables liderat per Sor Lucia Caram van ser els \u00a0protagonistes del projecte socioeducatiu Planta&#8217;m patrocinat per factorenergia"}]},{"@type":"WebSite","@id":"https:\/\/www.factorenergia.com\/es\/#website","url":"https:\/\/www.factorenergia.com\/es\/","name":"factorenergia","description":"factorenergia","potentialAction":[{"@type":"SearchAction","target":{"@type":"EntryPoint","urlTemplate":"https:\/\/www.factorenergia.com\/es\/?s={search_term_string}"},"query-input":"required name=search_term_string"}],"inLanguage":"ca"}]}},"_links":{"self":[{"href":"https:\/\/www.factorenergia.com\/ca\/wp-json\/wp\/v2\/noticias-factorenerg\/8021"}],"collection":[{"href":"https:\/\/www.factorenergia.com\/ca\/wp-json\/wp\/v2\/noticias-factorenerg"}],"about":[{"href":"https:\/\/www.factorenergia.com\/ca\/wp-json\/wp\/v2\/types\/noticias-factorenerg"}],"wp:attachment":[{"href":"https:\/\/www.factorenergia.com\/ca\/wp-json\/wp\/v2\/media?parent=8021"}],"curies":[{"name":"wp","href":"https:\/\/api.w.org\/{rel}","templated":true}]}}