{"id":4390,"date":"2017-09-05T16:52:47","date_gmt":"2017-09-05T14:52:47","guid":{"rendered":"https:\/\/www.factorenergia.com\/ca\/?post_type=noticias-factorenerg&#038;p=4390"},"modified":"2023-06-08T10:18:42","modified_gmt":"2023-06-08T08:18:42","slug":"factor-energia-instalacio-plaques-solars","status":"publish","type":"noticias-factorenerg","link":"https:\/\/www.factorenergia.com\/ca\/noticias\/factor-energia-instalacio-plaques-solars\/","title":{"rendered":"Factor Energia t\u2019ajuda amb la teva instal\u00b7laci\u00f3 fotovoltaica"},"content":{"rendered":"<p><span style=\"color: #000000;\">Instal\u00b7lar plaques solars per a l\u2019autoconsum ser\u00e0 m\u00e9s f\u00e0cil a partir d\u2019ara, amb l\u2019ajuda de Factor Energia.<\/span><\/p>\n<h2><span style=\"color: #000000;\">Factor Energia\u00a0t&#8217; instal\u00b7la plaques solars<\/span><\/h2>\n<p><span style=\"color: #000000;\">Que Factor Energia t&#8217;ajudi amb el <a href=\"https:\/\/www.factorenergia.com\/es\/hogares\/placas-solares\/\"><\/a><a href=\"https:\/\/www.factorenergia.com\/ca\/llars\/plaques-solars\/\" target=\"_blank\" rel=\"noopener\">autoconsum solar<\/a><u>\u00a0<\/u>\u00e9s una iniciativa que neix de la voluntat de moltes persones residents a Espanya d\u2019instal\u00b7lar plaques solars d\u2019autoconsum fotovoltaic per a generar la seva pr\u00f2pia electricitat.<\/span><\/p>\n<p><span style=\"color: #000000;\">Des de la promulgaci\u00f3 del Real Decret 900\/2015, de 9 d\u2019octubre de 2015; el Peatge de recolzament, comunament anomenat \u201cimpost al sol\u201d, s\u2019est\u00e9n el rumor de que a Espanya \u00e9s il\u00b7legal produir la teva pr\u00f2pia energia, per\u00f2 res m\u00e9s lluny de la realitat<strong>. L\u2019autoconsum \u00e9s legal a Espanya, i tamb\u00e9 \u00e9s viable<\/strong>, encara que s\u00ed \u00e9s cert que les lleis actuals no ho posen tant f\u00e0cil com podria ser. No obstant, aquest \u00e9s el motiu pel que creem Factor Energia Autoconsum: per a oferir ajuda a tota persona que necessiti <strong>assessorament en mat\u00e8ria d\u2019autoconsum<\/strong>, o que vulgui comen\u00e7ar el proc\u00e9s d\u2019<strong><a href=\"https:\/\/www.factorenergia.com\/ca\/llars\/plaques-solars\/\">instal\u00b7laci\u00f3 de les seves plaques solars<\/a> fotovoltaiques<\/strong>.<\/span><\/p>\n<h2><span style=\"color: #000000;\">Com t\u2019ajudem amb l\u2019autoconsum solar<\/span><\/h2>\n<p><span style=\"color: #000000;\">Veur\u00e0s que demanar-nos assessorament \u00e9s molt f\u00e0cil a trav\u00e9s del nostre formulari de contacte. <strong>Nom\u00e9s haur\u00e0s de dir-nos a on vols instal\u00b7lar les teves plaques fotovoltaiques<\/strong> i, a partir d\u2019all\u00e0, estudiarem el teu cas, el dissenyarem i pressupostarem, <span>si vols demanarem els <a href=\"https:\/\/www.factorenergia.com\/ca\/plaques-solars-permisos\/\" title=\"Permisos per a instal\u00b7lar plaques solars\" target=\"_blank\" rel=\"noopener\">permisos per a la instal\u00b7laci\u00f3 de plaques solars <\/a><\/span>i ens posarem en marxa per a instal\u00b7lar les teves <a href=\"https:\/\/www.factorenergia.com\/ca\/llars\/autoconsum\/\" target=\"_blank\" rel=\"noopener\">plaques fotovoltaiques<\/a> llestes per a usar.<\/span><\/p>\n<h3><span style=\"color: #000000;\"><strong>Mai no et quedar\u00e0s sense llum<\/strong><\/span><\/h3>\n<p><span style=\"color: #000000;\">A m\u00e9s, ens ocuparem que no tinguis cap problema i que mai et quedis sense llum. Et proposarem instal\u00b7lar una o m\u00e9s <strong>bateries<\/strong> <strong>d\u2019emmagatzematge perqu\u00e8 guardis l\u2019energia produ\u00efda<\/strong> que no facis servir al moment per a donar-li \u00fas de nit, quan no hi ha sol. A part, et mantindrem connectat a la xarxa amb la tarifa que m\u00e9s s\u2019adeq\u00fci al teu model d\u2019autoconsum, per si necessites recolzament.<\/span><\/p>\n<h2><span style=\"color: #000000;\">Plaques solars per a recarregar el cotxe el\u00e8ctric<\/span><\/h2>\n<p><span style=\"color: #000000;\">L\u2019energia solar \u00e9s una perfecta aliada per la rec\u00e0rrega del cotxe el\u00e8ctric. Si parlem d\u2019energia verda, la forma m\u00e9s ecol\u00f2gica, sostenible i respectuosa amb el medi ambient de recarregar el teu cotxe el\u00e8ctric \u00e9s a trav\u00e9s de la teva instal\u00b7laci\u00f3 fotovoltaica.<\/span><\/p>\n<p>&nbsp;<\/p>\n<p><span style=\"color: #000000;\">A Factor Energia aplanem el cam\u00ed de l\u2019autoconsum promovent models de producci\u00f3 i mobilitat eficients i respectuosos amb el medi ambient. Si tens preguntes o necessites assessorament, contacta\u2019ns sense comprom\u00eds des del nostre formulari <span>d&#8217;<\/span><a href=\"https:\/\/www.factorenergia.com\/ca\/llars\/plaques-solars\/\" target=\"_blank\" rel=\"noopener\">autoconsum solar<\/a> o per la <a href=\"https:\/\/www.factorenergia.com\/ca\/instalar-punts-recarrega\/\" target=\"_blank\" rel=\"noopener\">rec\u00e0rrega del cotxe el\u00e8ctric<\/a>.<\/span><\/p>\n<p>&nbsp;<\/p>\n","protected":false},"excerpt":{"rendered":"<p>Instal\u00b7lar plaques solars  per a l\u2019autoconsum ser\u00e0 m\u00e9s f\u00e0cil a partir d\u2019ara, amb l\u2019ajuda de Factor Energia. Demana&#8217;ns assessorament sense comprom\u00eds.<\/p>\n","protected":false},"featured_media":0,"parent":0,"template":"","acf":{"fecha_de_la_entrada":"20170905","imagen_portada":4393,"categoria_blog":null,"tipo_de_distribuidora":null,"tiempo_lectura":"","banner_bool":false,"titulo_banner":"","texto_banner":"","texto_boton_banner":"","url_boton_banner":"","post_relacionados":""},"yoast_head":"<!-- This site is optimized with the Yoast SEO plugin v22.2 - https:\/\/yoast.com\/wordpress\/plugins\/seo\/ -->\n<title>Factor Energia t\u2019ajuda amb la teva instal\u00b7laci\u00f3 fotovoltaica | factorenergia<\/title>\n<meta name=\"description\" content=\"Instal\u00b7lar plaques solars per a l\u2019autoconsum ser\u00e0 m\u00e9s f\u00e0cil a partir d\u2019ara, amb l\u2019ajuda de Factor Energia. Demana&#039;ns assessorament sense comprom\u00eds.\" \/>\n<meta name=\"robots\" content=\"index, follow, max-snippet:-1, max-image-preview:large, max-video-preview:-1\" \/>\n<link rel=\"canonical\" href=\"https:\/\/www.factorenergia.com\/ca\/noticias\/factor-energia-instalacio-plaques-solars\/\" \/>\n<meta name=\"twitter:card\" content=\"summary_large_image\" \/>\n<meta name=\"twitter:title\" content=\"Factor Energia t\u2019ajuda amb la teva instal\u00b7laci\u00f3 fotovoltaica | factorenergia\" \/>\n<meta name=\"twitter:description\" content=\"Instal\u00b7lar plaques solars per a l\u2019autoconsum ser\u00e0 m\u00e9s f\u00e0cil a partir d\u2019ara, amb l\u2019ajuda de Factor Energia. Demana&#039;ns assessorament sense comprom\u00eds.\" \/>\n<meta name=\"twitter:site\" content=\"@factorenergia\" \/>\n<meta name=\"twitter:label1\" content=\"Est. reading time\" \/>\n\t<meta name=\"twitter:data1\" content=\"2 minutes\" \/>\n<script type=\"application\/ld+json\" class=\"yoast-schema-graph\">{\"@context\":\"https:\/\/schema.org\",\"@graph\":[{\"@type\":\"WebPage\",\"@id\":\"https:\/\/www.factorenergia.com\/ca\/noticias\/factor-energia-instalacio-plaques-solars\/\",\"url\":\"https:\/\/www.factorenergia.com\/ca\/noticias\/factor-energia-instalacio-plaques-solars\/\",\"name\":\"Factor Energia t\u2019ajuda amb la teva instal\u00b7laci\u00f3 fotovoltaica | factorenergia\",\"isPartOf\":{\"@id\":\"https:\/\/www.factorenergia.com\/es\/#website\"},\"datePublished\":\"2017-09-05T14:52:47+00:00\",\"dateModified\":\"2023-06-08T08:18:42+00:00\",\"description\":\"Instal\u00b7lar plaques solars per a l\u2019autoconsum ser\u00e0 m\u00e9s f\u00e0cil a partir d\u2019ara, amb l\u2019ajuda de Factor Energia. Demana'ns assessorament sense comprom\u00eds.\",\"breadcrumb\":{\"@id\":\"https:\/\/www.factorenergia.com\/ca\/noticias\/factor-energia-instalacio-plaques-solars\/#breadcrumb\"},\"inLanguage\":\"ca\",\"potentialAction\":[{\"@type\":\"ReadAction\",\"target\":[\"https:\/\/www.factorenergia.com\/ca\/noticias\/factor-energia-instalacio-plaques-solars\/\"]}]},{\"@type\":\"BreadcrumbList\",\"@id\":\"https:\/\/www.factorenergia.com\/ca\/noticias\/factor-energia-instalacio-plaques-solars\/#breadcrumb\",\"itemListElement\":[{\"@type\":\"ListItem\",\"position\":1,\"name\":\"Portada\",\"item\":\"https:\/\/www.factorenergia.com\/ca\/\"},{\"@type\":\"ListItem\",\"position\":2,\"name\":\"Factor Energia t\u2019ajuda amb la teva instal\u00b7laci\u00f3 fotovoltaica\"}]},{\"@type\":\"WebSite\",\"@id\":\"https:\/\/www.factorenergia.com\/es\/#website\",\"url\":\"https:\/\/www.factorenergia.com\/es\/\",\"name\":\"factorenergia\",\"description\":\"factorenergia\",\"potentialAction\":[{\"@type\":\"SearchAction\",\"target\":{\"@type\":\"EntryPoint\",\"urlTemplate\":\"https:\/\/www.factorenergia.com\/es\/?s={search_term_string}\"},\"query-input\":\"required name=search_term_string\"}],\"inLanguage\":\"ca\"}]}<\/script>\n<!-- \/ Yoast SEO plugin. -->","yoast_head_json":{"title":"Factor Energia t\u2019ajuda amb la teva instal\u00b7laci\u00f3 fotovoltaica | factorenergia","description":"Instal\u00b7lar plaques solars per a l\u2019autoconsum ser\u00e0 m\u00e9s f\u00e0cil a partir d\u2019ara, amb l\u2019ajuda de Factor Energia. Demana'ns assessorament sense comprom\u00eds.","robots":{"index":"index","follow":"follow","max-snippet":"max-snippet:-1","max-image-preview":"max-image-preview:large","max-video-preview":"max-video-preview:-1"},"canonical":"https:\/\/www.factorenergia.com\/ca\/noticias\/factor-energia-instalacio-plaques-solars\/","twitter_card":"summary_large_image","twitter_title":"Factor Energia t\u2019ajuda amb la teva instal\u00b7laci\u00f3 fotovoltaica | factorenergia","twitter_description":"Instal\u00b7lar plaques solars per a l\u2019autoconsum ser\u00e0 m\u00e9s f\u00e0cil a partir d\u2019ara, amb l\u2019ajuda de Factor Energia. Demana'ns assessorament sense comprom\u00eds.","twitter_site":"@factorenergia","twitter_misc":{"Est. reading time":"2 minutes"},"schema":{"@context":"https:\/\/schema.org","@graph":[{"@type":"WebPage","@id":"https:\/\/www.factorenergia.com\/ca\/noticias\/factor-energia-instalacio-plaques-solars\/","url":"https:\/\/www.factorenergia.com\/ca\/noticias\/factor-energia-instalacio-plaques-solars\/","name":"Factor Energia t\u2019ajuda amb la teva instal\u00b7laci\u00f3 fotovoltaica | factorenergia","isPartOf":{"@id":"https:\/\/www.factorenergia.com\/es\/#website"},"datePublished":"2017-09-05T14:52:47+00:00","dateModified":"2023-06-08T08:18:42+00:00","description":"Instal\u00b7lar plaques solars per a l\u2019autoconsum ser\u00e0 m\u00e9s f\u00e0cil a partir d\u2019ara, amb l\u2019ajuda de Factor Energia. Demana'ns assessorament sense comprom\u00eds.","breadcrumb":{"@id":"https:\/\/www.factorenergia.com\/ca\/noticias\/factor-energia-instalacio-plaques-solars\/#breadcrumb"},"inLanguage":"ca","potentialAction":[{"@type":"ReadAction","target":["https:\/\/www.factorenergia.com\/ca\/noticias\/factor-energia-instalacio-plaques-solars\/"]}]},{"@type":"BreadcrumbList","@id":"https:\/\/www.factorenergia.com\/ca\/noticias\/factor-energia-instalacio-plaques-solars\/#breadcrumb","itemListElement":[{"@type":"ListItem","position":1,"name":"Portada","item":"https:\/\/www.factorenergia.com\/ca\/"},{"@type":"ListItem","position":2,"name":"Factor Energia t\u2019ajuda amb la teva instal\u00b7laci\u00f3 fotovoltaica"}]},{"@type":"WebSite","@id":"https:\/\/www.factorenergia.com\/es\/#website","url":"https:\/\/www.factorenergia.com\/es\/","name":"factorenergia","description":"factorenergia","potentialAction":[{"@type":"SearchAction","target":{"@type":"EntryPoint","urlTemplate":"https:\/\/www.factorenergia.com\/es\/?s={search_term_string}"},"query-input":"required name=search_term_string"}],"inLanguage":"ca"}]}},"_links":{"self":[{"href":"https:\/\/www.factorenergia.com\/ca\/wp-json\/wp\/v2\/noticias-factorenerg\/4390"}],"collection":[{"href":"https:\/\/www.factorenergia.com\/ca\/wp-json\/wp\/v2\/noticias-factorenerg"}],"about":[{"href":"https:\/\/www.factorenergia.com\/ca\/wp-json\/wp\/v2\/types\/noticias-factorenerg"}],"wp:attachment":[{"href":"https:\/\/www.factorenergia.com\/ca\/wp-json\/wp\/v2\/media?parent=4390"}],"curies":[{"name":"wp","href":"https:\/\/api.w.org\/{rel}","templated":true}]}}