{"id":30304,"date":"2025-10-21T13:24:10","date_gmt":"2025-10-21T11:24:10","guid":{"rendered":"https:\/\/www.factorenergia.com\/ca\/?post_type=noticias-factorenerg&#038;p=30304"},"modified":"2025-11-10T17:30:17","modified_gmt":"2025-11-10T15:30:17","slug":"factorenergia-col-labora-investigacio-cancer-mama","status":"publish","type":"noticias-factorenerg","link":"https:\/\/www.factorenergia.com\/ca\/noticias\/factorenergia-col-labora-investigacio-cancer-mama\/","title":{"rendered":"Factorenergia d\u00f3na suport al Mamapop en la lluita contra el c\u00e0ncer de mama"},"content":{"rendered":"<p>A Factorenergia entenem que l\u2019energia no nom\u00e9s enc\u00e9n llars: tamb\u00e9 pot impulsar projectes que generen impacte positiu en la societat. Per aquest motiu tornem a donar suport al <strong data-start=\"501\" data-end=\"512\">Mamapop<\/strong>, el concert solidari que destina tots els seus beneficis a la investigaci\u00f3 contra el c\u00e0ncer de mama a trav\u00e9s de l\u2019<strong data-start=\"627\" data-end=\"685\">Institut d\u2019Investigaci\u00f3 Sanit\u00e0ria Pere Virgili (IISPV)<\/strong>.<\/p>\n<p>&nbsp;<\/p>\n<p>El proper <strong data-start=\"698\" data-end=\"723\">1 de novembre de 2025<\/strong>, el Palau Firal i de Congressos de Tarragona es convertir\u00e0 en un aut\u00e8ntic guateque solidari per celebrar la desena edici\u00f3 del Mamapop, un espectacle on la m\u00fasica i la solidaritat s\u2019uneixen per seguir avan\u00e7ant en recerca biom\u00e8dica.<\/p>\n<h2 data-start=\"961\" data-end=\"1028\">Energia amb prop\u00f2sit: un comprom\u00eds que suma salut i investigaci\u00f3<\/h2>\n<p data-start=\"1030\" data-end=\"1371\">El comprom\u00eds de Factorenergia amb Mamapop forma part d\u2019una manera d\u2019entendre la responsabilitat social empresarial: <strong data-start=\"1146\" data-end=\"1209\">no com un gest puntual, sin\u00f3 com un suport real i continuat<\/strong> a projectes que milloren la vida de les persones. Lluitem al costat d\u2019aquelles iniciatives que transformen l\u2019energia en benestar i oportunitats per a la ci\u00e8ncia.<\/p>\n<p>&nbsp;<\/p>\n<p data-start=\"1373\" data-end=\"1537\">La investigaci\u00f3 \u00e9s clau per avan\u00e7ar en la prevenci\u00f3, el diagn\u00f2stic i els tractaments del c\u00e0ncer de mama, motiu pel qual reforcem aquesta col\u00b7laboraci\u00f3 any rere any.<\/p>\n<h2 data-start=\"1544\" data-end=\"1602\">Mamapop 2025: un viatge musical amb finalitat solid\u00e0ria<\/h2>\n<p data-start=\"1604\" data-end=\"1837\">L\u2019edici\u00f3 2025 ens transportar\u00e0 a les can\u00e7ons m\u00e9s emblem\u00e0tiques dels guateques dels anys seixanta i setanta, amb versions de Nino Bravo, Marisol, Los Bravos, F\u00f3rmula V i molts altres artistes que formen part de la mem\u00f2ria col\u00b7lectiva.<\/p>\n<p>&nbsp;<\/p>\n<p data-start=\"1839\" data-end=\"2000\">\ud83d\udccd <strong data-start=\"1842\" data-end=\"1851\">Lloc:<\/strong> Palau Firal i de Congressos de Tarragona<br data-start=\"1892\" data-end=\"1895\" \/>\ud83d\udcc5 <strong data-start=\"1898\" data-end=\"1907\">Data:<\/strong> 1 de novembre de 2025<br data-start=\"1929\" data-end=\"1932\" \/>\ud83c\udf9f <strong data-start=\"1935\" data-end=\"1948\">Entrades:<\/strong> <a data-start=\"1949\" data-end=\"1964\" rel=\"noopener\" target=\"_new\" class=\"decorated-link\" href=\"http:\/\/www.mamapop.cat\">www.mamapop.cat<span aria-hidden=\"true\" class=\"ms-0.5 inline-block align-middle leading-none\"><svg width=\"20\" height=\"20\" viewbox=\"0 0 20 20\" fill=\"currentColor\" xmlns=\"http:\/\/www.w3.org\/2000\/svg\" data-rtl-flip=\"\" class=\"block h-[0.75em] w-[0.75em] stroke-current stroke-[0.75]\"><path d=\"M14.3349 13.3301V6.60645L5.47065 15.4707C5.21095 15.7304 4.78895 15.7304 4.52925 15.4707C4.26955 15.211 4.26955 14.789 4.52925 14.5293L13.3935 5.66504H6.66011C6.29284 5.66504 5.99507 5.36727 5.99507 5C5.99507 4.63273 6.29284 4.33496 6.66011 4.33496H14.9999L15.1337 4.34863C15.4369 4.41057 15.665 4.67857 15.665 5V13.3301C15.6649 13.6973 15.3672 13.9951 14.9999 13.9951C14.6327 13.9951 14.335 13.6973 14.3349 13.3301Z\"><\/path><\/svg><\/span><\/a> i FarmaTarraco (C\/ Pere Martell, 5)<\/p>\n<p data-start=\"2002\" data-end=\"2090\">Tot el que es recapta durant el concert es destina \u00edntegrament a investigaci\u00f3 sanit\u00e0ria.<\/p>\n<h2 data-start=\"2097\" data-end=\"2144\">Quan la solidaritat es converteix en ci\u00e8ncia<\/h2>\n<p data-start=\"2146\" data-end=\"2366\">Gr\u00e0cies a Mamapop, el IISPV ha pogut impulsar noves l\u00ednies de recerca, com l\u2019estudi sobre la <strong data-start=\"2239\" data-end=\"2287\">relaci\u00f3 entre l\u2019obesitat i el c\u00e0ncer de mama<\/strong>, un projecte amb impacte directe en la salut present i futura de moltes dones.<\/p>\n<p>&nbsp;<\/p>\n<p data-start=\"2368\" data-end=\"2467\">Nom\u00e9s a la demarcaci\u00f3 de Tarragona, el Mamapop ja ha aportat m\u00e9s de <strong data-start=\"2436\" data-end=\"2448\">54.575 \u20ac<\/strong> a la investigaci\u00f3.<\/p>\n<h2 class=\"style-scope ytd-watch-metadata\"><yt-formatted-string force-default-style=\"\" class=\"style-scope ytd-watch-metadata\" title=\"Concert MAMAPOP GUATEQUE \u00b7 TARRAGONA\">Concert Mamapop Guateque en Tarragona<\/yt-formatted-string><\/h2>\n<p>Aquesta nova edici\u00f3 arriba precedida d\u2019un v\u00eddeo solidari en qu\u00e8 participen personalitats del territori, entitats, clubs esportius i empreses compromeses amb la causa. Factorenergia tamb\u00e9 hi apareix per reiterar el seu suport.<\/p>\n<p>&nbsp;<\/p>\n<p>\ud83d\udc49 Mira el v\u00eddeo aqu\u00ed:<\/p>\n<p>&nbsp;<\/p>\n<p><iframe loading=\"lazy\" width=\"560\" height=\"315\" src=\"https:\/\/www.youtube.com\/embed\/-gsVTdR5cow?si=0L4j93fOGES_OwvV\" title=\"YouTube video player\" frameborder=\"0\" allow=\"accelerometer; autoplay; clipboard-write; encrypted-media; gyroscope; picture-in-picture; web-share\" referrerpolicy=\"strict-origin-when-cross-origin\" allowfullscreen=\"allowfullscreen\"><\/iframe><\/p>\n<h2 data-start=\"2825\" data-end=\"2851\">Energia que tamb\u00e9 cuida<\/h2>\n<p data-start=\"2853\" data-end=\"3026\">A Factorenergia creiem en una energia que va m\u00e9s enll\u00e0 del servei: <strong data-start=\"2920\" data-end=\"2948\">una energia amb prop\u00f2sit<\/strong>, que acompanya la recerca, dona suport a les persones i genera retorn social.<\/p>\n<p data-start=\"3028\" data-end=\"3155\">Seguirem al costat d\u2019iniciatives que fan possible que la solidaritat es transformi en oportunitats cient\u00edfiques i en esperan\u00e7a.<\/p>\n","protected":false},"excerpt":{"rendered":"<p>Factorenergia renova el seu comprom\u00eds solidari col\u00b7laborant amb el Mamapop 2025, el concert que destina tots els beneficis a la investigaci\u00f3 contra el c\u00e0ncer de mama a trav\u00e9s de l\u2019IISPV. Una iniciativa que uneix cultura, salut i energia amb prop\u00f2sit.<\/p>\n","protected":false},"featured_media":0,"parent":0,"template":"","acf":{"fecha_de_la_entrada":"20251021","imagen_portada":30308,"categoria_blog":null,"tipo_de_distribuidora":3,"tiempo_lectura":"2'","banner_bool":false,"titulo_banner":"","texto_banner":"","texto_boton_banner":"","url_boton_banner":"","post_relacionados":""},"yoast_head":"<!-- This site is optimized with the Yoast SEO plugin v22.2 - https:\/\/yoast.com\/wordpress\/plugins\/seo\/ -->\n<title>Factorenergia d\u00f3na suport al Mamapop en la lluita contra el c\u00e0ncer de mama | factorenergia<\/title>\n<meta name=\"description\" content=\"Factorenergia dona suport al Mamapop per impulsar la investigaci\u00f3 contra el c\u00e0ncer de mama a trav\u00e9s de l\u2019IISPV, reafirmant el seu comprom\u00eds social i solidari.\" \/>\n<meta name=\"robots\" content=\"index, follow, max-snippet:-1, max-image-preview:large, max-video-preview:-1\" \/>\n<link rel=\"canonical\" href=\"https:\/\/www.factorenergia.com\/ca\/noticias\/factorenergia-col-labora-investigacio-cancer-mama\/\" \/>\n<meta name=\"twitter:card\" content=\"summary_large_image\" \/>\n<meta name=\"twitter:title\" content=\"Factorenergia d\u00f3na suport al Mamapop en la lluita contra el c\u00e0ncer de mama | factorenergia\" \/>\n<meta name=\"twitter:description\" content=\"Factorenergia dona suport al Mamapop per impulsar la investigaci\u00f3 contra el c\u00e0ncer de mama a trav\u00e9s de l\u2019IISPV, reafirmant el seu comprom\u00eds social i solidari.\" \/>\n<meta name=\"twitter:site\" content=\"@factorenergia\" \/>\n<meta name=\"twitter:label1\" content=\"Est. reading time\" \/>\n\t<meta name=\"twitter:data1\" content=\"2 minutes\" \/>\n<script type=\"application\/ld+json\" class=\"yoast-schema-graph\">{\"@context\":\"https:\/\/schema.org\",\"@graph\":[{\"@type\":\"WebPage\",\"@id\":\"https:\/\/www.factorenergia.com\/ca\/noticias\/factorenergia-col-labora-investigacio-cancer-mama\/\",\"url\":\"https:\/\/www.factorenergia.com\/ca\/noticias\/factorenergia-col-labora-investigacio-cancer-mama\/\",\"name\":\"Factorenergia d\u00f3na suport al Mamapop en la lluita contra el c\u00e0ncer de mama | factorenergia\",\"isPartOf\":{\"@id\":\"https:\/\/www.factorenergia.com\/es\/#website\"},\"datePublished\":\"2025-10-21T11:24:10+00:00\",\"dateModified\":\"2025-11-10T15:30:17+00:00\",\"description\":\"Factorenergia dona suport al Mamapop per impulsar la investigaci\u00f3 contra el c\u00e0ncer de mama a trav\u00e9s de l\u2019IISPV, reafirmant el seu comprom\u00eds social i solidari.\",\"breadcrumb\":{\"@id\":\"https:\/\/www.factorenergia.com\/ca\/noticias\/factorenergia-col-labora-investigacio-cancer-mama\/#breadcrumb\"},\"inLanguage\":\"ca\",\"potentialAction\":[{\"@type\":\"ReadAction\",\"target\":[\"https:\/\/www.factorenergia.com\/ca\/noticias\/factorenergia-col-labora-investigacio-cancer-mama\/\"]}]},{\"@type\":\"BreadcrumbList\",\"@id\":\"https:\/\/www.factorenergia.com\/ca\/noticias\/factorenergia-col-labora-investigacio-cancer-mama\/#breadcrumb\",\"itemListElement\":[{\"@type\":\"ListItem\",\"position\":1,\"name\":\"Portada\",\"item\":\"https:\/\/www.factorenergia.com\/ca\/\"},{\"@type\":\"ListItem\",\"position\":2,\"name\":\"Factorenergia d\u00f3na suport al Mamapop en la lluita contra el c\u00e0ncer de mama\"}]},{\"@type\":\"WebSite\",\"@id\":\"https:\/\/www.factorenergia.com\/es\/#website\",\"url\":\"https:\/\/www.factorenergia.com\/es\/\",\"name\":\"factorenergia\",\"description\":\"factorenergia\",\"potentialAction\":[{\"@type\":\"SearchAction\",\"target\":{\"@type\":\"EntryPoint\",\"urlTemplate\":\"https:\/\/www.factorenergia.com\/es\/?s={search_term_string}\"},\"query-input\":\"required name=search_term_string\"}],\"inLanguage\":\"ca\"}]}<\/script>\n<!-- \/ Yoast SEO plugin. -->","yoast_head_json":{"title":"Factorenergia d\u00f3na suport al Mamapop en la lluita contra el c\u00e0ncer de mama | factorenergia","description":"Factorenergia dona suport al Mamapop per impulsar la investigaci\u00f3 contra el c\u00e0ncer de mama a trav\u00e9s de l\u2019IISPV, reafirmant el seu comprom\u00eds social i solidari.","robots":{"index":"index","follow":"follow","max-snippet":"max-snippet:-1","max-image-preview":"max-image-preview:large","max-video-preview":"max-video-preview:-1"},"canonical":"https:\/\/www.factorenergia.com\/ca\/noticias\/factorenergia-col-labora-investigacio-cancer-mama\/","twitter_card":"summary_large_image","twitter_title":"Factorenergia d\u00f3na suport al Mamapop en la lluita contra el c\u00e0ncer de mama | factorenergia","twitter_description":"Factorenergia dona suport al Mamapop per impulsar la investigaci\u00f3 contra el c\u00e0ncer de mama a trav\u00e9s de l\u2019IISPV, reafirmant el seu comprom\u00eds social i solidari.","twitter_site":"@factorenergia","twitter_misc":{"Est. reading time":"2 minutes"},"schema":{"@context":"https:\/\/schema.org","@graph":[{"@type":"WebPage","@id":"https:\/\/www.factorenergia.com\/ca\/noticias\/factorenergia-col-labora-investigacio-cancer-mama\/","url":"https:\/\/www.factorenergia.com\/ca\/noticias\/factorenergia-col-labora-investigacio-cancer-mama\/","name":"Factorenergia d\u00f3na suport al Mamapop en la lluita contra el c\u00e0ncer de mama | factorenergia","isPartOf":{"@id":"https:\/\/www.factorenergia.com\/es\/#website"},"datePublished":"2025-10-21T11:24:10+00:00","dateModified":"2025-11-10T15:30:17+00:00","description":"Factorenergia dona suport al Mamapop per impulsar la investigaci\u00f3 contra el c\u00e0ncer de mama a trav\u00e9s de l\u2019IISPV, reafirmant el seu comprom\u00eds social i solidari.","breadcrumb":{"@id":"https:\/\/www.factorenergia.com\/ca\/noticias\/factorenergia-col-labora-investigacio-cancer-mama\/#breadcrumb"},"inLanguage":"ca","potentialAction":[{"@type":"ReadAction","target":["https:\/\/www.factorenergia.com\/ca\/noticias\/factorenergia-col-labora-investigacio-cancer-mama\/"]}]},{"@type":"BreadcrumbList","@id":"https:\/\/www.factorenergia.com\/ca\/noticias\/factorenergia-col-labora-investigacio-cancer-mama\/#breadcrumb","itemListElement":[{"@type":"ListItem","position":1,"name":"Portada","item":"https:\/\/www.factorenergia.com\/ca\/"},{"@type":"ListItem","position":2,"name":"Factorenergia d\u00f3na suport al Mamapop en la lluita contra el c\u00e0ncer de mama"}]},{"@type":"WebSite","@id":"https:\/\/www.factorenergia.com\/es\/#website","url":"https:\/\/www.factorenergia.com\/es\/","name":"factorenergia","description":"factorenergia","potentialAction":[{"@type":"SearchAction","target":{"@type":"EntryPoint","urlTemplate":"https:\/\/www.factorenergia.com\/es\/?s={search_term_string}"},"query-input":"required name=search_term_string"}],"inLanguage":"ca"}]}},"_links":{"self":[{"href":"https:\/\/www.factorenergia.com\/ca\/wp-json\/wp\/v2\/noticias-factorenerg\/30304"}],"collection":[{"href":"https:\/\/www.factorenergia.com\/ca\/wp-json\/wp\/v2\/noticias-factorenerg"}],"about":[{"href":"https:\/\/www.factorenergia.com\/ca\/wp-json\/wp\/v2\/types\/noticias-factorenerg"}],"acf:term":[{"embeddable":true,"taxonomy":"tiposdenoticia","href":"https:\/\/www.factorenergia.com\/ca\/wp-json\/wp\/v2\/tiposdenoticia\/3"}],"wp:attachment":[{"href":"https:\/\/www.factorenergia.com\/ca\/wp-json\/wp\/v2\/media?parent=30304"}],"curies":[{"name":"wp","href":"https:\/\/api.w.org\/{rel}","templated":true}]}}