{"id":30174,"date":"2025-10-06T15:51:26","date_gmt":"2025-10-06T13:51:26","guid":{"rendered":"https:\/\/www.factorenergia.com\/ca\/?post_type=noticias-factorenerg&#038;p=30174"},"modified":"2025-10-06T15:51:26","modified_gmt":"2025-10-06T13:51:26","slug":"compromis-fundacio-impulsa-joves","status":"publish","type":"noticias-factorenerg","link":"https:\/\/www.factorenergia.com\/ca\/noticias\/compromis-fundacio-impulsa-joves\/","title":{"rendered":"Factorenergia renova el seu comprom\u00eds amb la Fundaci\u00f3 Impulsa per continuar apostant pel futur dels joves"},"content":{"rendered":"<p><strong data-start=\"307\" data-end=\"402\">Factorenergia ha renovat per tercer any consecutiu el seu comprom\u00eds amb la Fundaci\u00f3 Impulsa<\/strong>, reafirmant la seva aposta per la <strong data-start=\"437\" data-end=\"491\">igualtat d\u2019oportunitats i la formaci\u00f3 professional<\/strong> com a eines clau per construir una societat m\u00e9s justa, inclusiva i sostenible.<\/p>\n<h2>Una alian\u00e7a que transforma vides a trav\u00e9s de l\u2019educaci\u00f3<\/h2>\n<p>Gr\u00e0cies a aquesta col\u00b7laboraci\u00f3, <strong data-start=\"678\" data-end=\"717\">joves en situaci\u00f3 de vulnerabilitat<\/strong> poden continuar la seva formaci\u00f3 mitjan\u00e7ant <strong data-start=\"762\" data-end=\"802\">cicles de Formaci\u00f3 Professional (FP)<\/strong>, accedint a beques i a un acompanyament integral que refor\u00e7a les seves oportunitats d\u2019inserci\u00f3 laboral i desenvolupament personal.<\/p>\n<p data-start=\"935\" data-end=\"1197\">Com a <strong data-start=\"941\" data-end=\"967\">organitzaci\u00f3 Impulsora<\/strong>, Factorenergia forma part de l\u2019ecosistema de m\u00e9s de <strong data-start=\"1020\" data-end=\"1052\">220 empreses col\u00b7laboradores<\/strong> que, amb el seu suport, fan possible que nois i noies que han finalitzat l\u2019ESO puguin continuar formant-se i preparar el seu futur professional.<\/p>\n<h3 data-start=\"1204\" data-end=\"1288\"><strong data-start=\"1208\" data-end=\"1288\">M\u00e9s enll\u00e0 de l\u2019ajuda econ\u00f2mica: acompanyament i desenvolupament personal<\/strong><\/h3>\n<p>El suport de Factorenergia va molt m\u00e9s enll\u00e0 de l\u2019aportaci\u00f3 econ\u00f2mica.<br data-start=\"1360\" data-end=\"1363\" \/>Els joves becats reben tamb\u00e9 un <strong data-start=\"1395\" data-end=\"1417\">ordinador port\u00e0til<\/strong>, <strong data-start=\"1419\" data-end=\"1460\">formaci\u00f3 en compet\u00e8ncies transversals<\/strong>, <strong data-start=\"1462\" data-end=\"1484\">orientaci\u00f3 laboral<\/strong>, <strong data-start=\"1486\" data-end=\"1520\">experi\u00e8ncies en empreses reals<\/strong> i un <strong data-start=\"1526\" data-end=\"1568\">seguiment psicopedag\u00f2gic personalitzat<\/strong>. A m\u00e9s, compten amb la figura d\u2019un <strong data-start=\"1604\" data-end=\"1624\">mentor o mentora<\/strong> que els acompanya durant tot el proc\u00e9s formatiu, afavorint el seu creixement integral.<\/p>\n<h2 data-start=\"1718\" data-end=\"1783\"><strong data-start=\"1721\" data-end=\"1783\">\u201cInvertir en els joves \u00e9s apostar pel futur de tothom\u201d<\/strong><\/h2>\n<p>\u201cPer a nosaltres \u00e9s un orgull poder renovar aquest comprom\u00eds amb la Fundaci\u00f3 Impulsa. Creiem que invertir en el talent i la formaci\u00f3 dels joves \u00e9s la millor manera de construir una societat m\u00e9s justa i cohesionada. Donar-los eines i oportunitats no nom\u00e9s transforma les seves vides, sin\u00f3 que enforteix tamb\u00e9 el futur de tots nosaltres\u201d, va assenyalar <strong data-start=\"2138\" data-end=\"2155\">Emili Rousaud<\/strong>, CEO de Factorenergia.<\/p>\n<p>&nbsp;<\/p>\n<p data-start=\"2180\" data-end=\"2488\">Per la seva banda, <strong data-start=\"2199\" data-end=\"2214\">Rosa Pujols<\/strong>, directora de la Fundaci\u00f3 Impulsa, va destacar que:<br data-start=\"2266\" data-end=\"2269\" \/>\u201c<strong data-start=\"2270\" data-end=\"2486\">la renovaci\u00f3 del comprom\u00eds de Factorenergia amb la Fundaci\u00f3 Impulsa \u00e9s una mostra clara de com les aliances entre el m\u00f3n empresarial i el tercer sector poden generar un impacte transformador en la vida dels joves<\/strong>\u201d.<\/p>\n<h2 data-start=\"2180\" data-end=\"2488\">Comprom\u00eds amb la igualtat d\u2019oportunitats i el desenvolupament sostenible<\/h2>\n<p>Amb aquesta renovaci\u00f3, <strong data-start=\"2603\" data-end=\"2688\">Factorenergia reafirma el seu comprom\u00eds amb la responsabilitat social corporativa<\/strong> i amb un model energ\u00e8tic i empresarial que posa les persones al centre.<br data-start=\"2760\" data-end=\"2763\" \/>Apostar per l\u2019educaci\u00f3 i l\u2019ocupabilitat juvenil \u00e9s tamb\u00e9 <strong data-start=\"2820\" data-end=\"2912\">una inversi\u00f3 en una societat m\u00e9s inclusiva, formada i preparada per als reptes del futur<\/strong>.<\/p>\n<h2>Sobre la Fundaci\u00f3 Impulsa<\/h2>\n<p>La <strong data-start=\"2961\" data-end=\"2981\">Fundaci\u00f3 Impulsa<\/strong> \u00e9s una entitat referent a Catalunya que beca i acompanya joves en situaci\u00f3 de vulnerabilitat social i econ\u00f2mica perqu\u00e8 cursin estudis d\u2019FP i accedeixin al mercat laboral.<br data-start=\"3152\" data-end=\"3155\" \/>Des de 2015, ha becat m\u00e9s de <strong data-start=\"3184\" data-end=\"3197\">650 joves<\/strong>, amb una taxa de finalitzaci\u00f3 superior al <strong data-start=\"3240\" data-end=\"3247\">80%<\/strong>, davant del 50% de la mitjana catalana.<\/p>\n","protected":false},"excerpt":{"rendered":"<p>Factorenergia ha participat en el Congr\u00e9s Mundial Smart City Expo, en l&#8217;esdeveniment &#8216;Infraestructures net-*zero: Utopia o realitat factible?&#8217;<\/p>\n","protected":false},"featured_media":0,"parent":0,"template":"","acf":{"fecha_de_la_entrada":"20251003","imagen_portada":30175,"categoria_blog":null,"tipo_de_distribuidora":null,"tiempo_lectura":"2'","banner_bool":false,"titulo_banner":"","texto_banner":"","texto_boton_banner":"","url_boton_banner":"","post_relacionados":""},"yoast_head":"<!-- This site is optimized with the Yoast SEO plugin v22.2 - https:\/\/yoast.com\/wordpress\/plugins\/seo\/ -->\n<title>Factorenergia renova el seu comprom\u00eds amb la Fundaci\u00f3 Impulsa per continuar apostant pel futur dels joves | factorenergia<\/title>\n<meta name=\"description\" content=\"Factorenergia renova la seva col\u00b7laboraci\u00f3 amb la Fundaci\u00f3 Impulsa per promoure la igualtat d\u2019oportunitats i el futur dels joves a trav\u00e9s de la formaci\u00f3.\" \/>\n<meta name=\"robots\" content=\"index, follow, max-snippet:-1, max-image-preview:large, max-video-preview:-1\" \/>\n<link rel=\"canonical\" href=\"https:\/\/www.factorenergia.com\/ca\/?post_type=noticias-factorenerg&p=30174\" \/>\n<meta name=\"twitter:card\" content=\"summary_large_image\" \/>\n<meta name=\"twitter:title\" content=\"Factorenergia renova el seu comprom\u00eds amb la Fundaci\u00f3 Impulsa per continuar apostant pel futur dels joves | factorenergia\" \/>\n<meta name=\"twitter:description\" content=\"Factorenergia renova la seva col\u00b7laboraci\u00f3 amb la Fundaci\u00f3 Impulsa per promoure la igualtat d\u2019oportunitats i el futur dels joves a trav\u00e9s de la formaci\u00f3.\" \/>\n<meta name=\"twitter:site\" content=\"@factorenergia\" \/>\n<meta name=\"twitter:label1\" content=\"Est. reading time\" \/>\n\t<meta name=\"twitter:data1\" content=\"2 minutes\" \/>\n<script type=\"application\/ld+json\" class=\"yoast-schema-graph\">{\"@context\":\"https:\/\/schema.org\",\"@graph\":[{\"@type\":\"WebPage\",\"@id\":\"https:\/\/www.factorenergia.com\/ca\/?post_type=noticias-factorenerg&p=30174\",\"url\":\"https:\/\/www.factorenergia.com\/ca\/?post_type=noticias-factorenerg&p=30174\",\"name\":\"Factorenergia renova el seu comprom\u00eds amb la Fundaci\u00f3 Impulsa per continuar apostant pel futur dels joves | factorenergia\",\"isPartOf\":{\"@id\":\"https:\/\/www.factorenergia.com\/es\/#website\"},\"datePublished\":\"2025-10-06T13:51:26+00:00\",\"dateModified\":\"2025-10-06T13:51:26+00:00\",\"description\":\"Factorenergia renova la seva col\u00b7laboraci\u00f3 amb la Fundaci\u00f3 Impulsa per promoure la igualtat d\u2019oportunitats i el futur dels joves a trav\u00e9s de la formaci\u00f3.\",\"breadcrumb\":{\"@id\":\"https:\/\/www.factorenergia.com\/ca\/?post_type=noticias-factorenerg&p=30174#breadcrumb\"},\"inLanguage\":\"ca\",\"potentialAction\":[{\"@type\":\"ReadAction\",\"target\":[\"https:\/\/www.factorenergia.com\/ca\/?post_type=noticias-factorenerg&p=30174\"]}]},{\"@type\":\"BreadcrumbList\",\"@id\":\"https:\/\/www.factorenergia.com\/ca\/?post_type=noticias-factorenerg&p=30174#breadcrumb\",\"itemListElement\":[{\"@type\":\"ListItem\",\"position\":1,\"name\":\"Portada\",\"item\":\"https:\/\/www.factorenergia.com\/ca\/\"},{\"@type\":\"ListItem\",\"position\":2,\"name\":\"Factorenergia renova el seu comprom\u00eds amb la Fundaci\u00f3 Impulsa per continuar apostant pel futur dels joves\"}]},{\"@type\":\"WebSite\",\"@id\":\"https:\/\/www.factorenergia.com\/es\/#website\",\"url\":\"https:\/\/www.factorenergia.com\/es\/\",\"name\":\"factorenergia\",\"description\":\"factorenergia\",\"potentialAction\":[{\"@type\":\"SearchAction\",\"target\":{\"@type\":\"EntryPoint\",\"urlTemplate\":\"https:\/\/www.factorenergia.com\/es\/?s={search_term_string}\"},\"query-input\":\"required name=search_term_string\"}],\"inLanguage\":\"ca\"}]}<\/script>\n<!-- \/ Yoast SEO plugin. -->","yoast_head_json":{"title":"Factorenergia renova el seu comprom\u00eds amb la Fundaci\u00f3 Impulsa per continuar apostant pel futur dels joves | factorenergia","description":"Factorenergia renova la seva col\u00b7laboraci\u00f3 amb la Fundaci\u00f3 Impulsa per promoure la igualtat d\u2019oportunitats i el futur dels joves a trav\u00e9s de la formaci\u00f3.","robots":{"index":"index","follow":"follow","max-snippet":"max-snippet:-1","max-image-preview":"max-image-preview:large","max-video-preview":"max-video-preview:-1"},"canonical":"https:\/\/www.factorenergia.com\/ca\/?post_type=noticias-factorenerg&p=30174","twitter_card":"summary_large_image","twitter_title":"Factorenergia renova el seu comprom\u00eds amb la Fundaci\u00f3 Impulsa per continuar apostant pel futur dels joves | factorenergia","twitter_description":"Factorenergia renova la seva col\u00b7laboraci\u00f3 amb la Fundaci\u00f3 Impulsa per promoure la igualtat d\u2019oportunitats i el futur dels joves a trav\u00e9s de la formaci\u00f3.","twitter_site":"@factorenergia","twitter_misc":{"Est. reading time":"2 minutes"},"schema":{"@context":"https:\/\/schema.org","@graph":[{"@type":"WebPage","@id":"https:\/\/www.factorenergia.com\/ca\/?post_type=noticias-factorenerg&p=30174","url":"https:\/\/www.factorenergia.com\/ca\/?post_type=noticias-factorenerg&p=30174","name":"Factorenergia renova el seu comprom\u00eds amb la Fundaci\u00f3 Impulsa per continuar apostant pel futur dels joves | factorenergia","isPartOf":{"@id":"https:\/\/www.factorenergia.com\/es\/#website"},"datePublished":"2025-10-06T13:51:26+00:00","dateModified":"2025-10-06T13:51:26+00:00","description":"Factorenergia renova la seva col\u00b7laboraci\u00f3 amb la Fundaci\u00f3 Impulsa per promoure la igualtat d\u2019oportunitats i el futur dels joves a trav\u00e9s de la formaci\u00f3.","breadcrumb":{"@id":"https:\/\/www.factorenergia.com\/ca\/?post_type=noticias-factorenerg&p=30174#breadcrumb"},"inLanguage":"ca","potentialAction":[{"@type":"ReadAction","target":["https:\/\/www.factorenergia.com\/ca\/?post_type=noticias-factorenerg&p=30174"]}]},{"@type":"BreadcrumbList","@id":"https:\/\/www.factorenergia.com\/ca\/?post_type=noticias-factorenerg&p=30174#breadcrumb","itemListElement":[{"@type":"ListItem","position":1,"name":"Portada","item":"https:\/\/www.factorenergia.com\/ca\/"},{"@type":"ListItem","position":2,"name":"Factorenergia renova el seu comprom\u00eds amb la Fundaci\u00f3 Impulsa per continuar apostant pel futur dels joves"}]},{"@type":"WebSite","@id":"https:\/\/www.factorenergia.com\/es\/#website","url":"https:\/\/www.factorenergia.com\/es\/","name":"factorenergia","description":"factorenergia","potentialAction":[{"@type":"SearchAction","target":{"@type":"EntryPoint","urlTemplate":"https:\/\/www.factorenergia.com\/es\/?s={search_term_string}"},"query-input":"required name=search_term_string"}],"inLanguage":"ca"}]}},"_links":{"self":[{"href":"https:\/\/www.factorenergia.com\/ca\/wp-json\/wp\/v2\/noticias-factorenerg\/30174"}],"collection":[{"href":"https:\/\/www.factorenergia.com\/ca\/wp-json\/wp\/v2\/noticias-factorenerg"}],"about":[{"href":"https:\/\/www.factorenergia.com\/ca\/wp-json\/wp\/v2\/types\/noticias-factorenerg"}],"wp:attachment":[{"href":"https:\/\/www.factorenergia.com\/ca\/wp-json\/wp\/v2\/media?parent=30174"}],"curies":[{"name":"wp","href":"https:\/\/api.w.org\/{rel}","templated":true}]}}