{"id":2865,"date":"2017-01-26T18:20:50","date_gmt":"2017-01-26T16:20:50","guid":{"rendered":"https:\/\/www.factorenergia.com\/ca\/?post_type=noticias-factorenerg&#038;p=2865"},"modified":"2024-03-19T11:48:00","modified_gmt":"2024-03-19T09:48:00","slug":"emili-rousaud-energy-news","status":"publish","type":"noticias-factorenerg","link":"https:\/\/www.factorenergia.com\/ca\/noticias\/emili-rousaud-energy-news\/","title":{"rendered":"Entrevista amb Energy News"},"content":{"rendered":"<h1><span style=\"color: #000000;\">\u201cL\u2019autoconsum no va en contra dels interessos de les comercialitzadores\u201d<\/span><\/h1>\n<p>&nbsp;<\/p>\n<p><span style=\"color: #000000;\"><a href=\"http:\/\/www.energynews.es\/autoconsumo-no-va-los-intereses-economicos-las-comercializadoras\/\" target=\"_blank\" rel=\"noopener\">EnergyNews <\/a>ha entrevistat l\u2019Emili Rousaud, director general de Factorenergia. Despr\u00e9s de presentar l\u2019empresa comercialitzadora, el diari inclou: \u201c<em>Fins aquell moment<\/em> (la liberalitzaci\u00f3 del mercat el\u00e8ctric), <em>Emili Rousaud, [&#8230;], treballava a l\u2019\u00e0rea financera d\u2019una multinacional. Creu fermament en el que denomina els vectors del futur, com el cotxe el\u00e8ctric o l\u2019autoconsum<\/em>.\u201d<\/span><\/p>\n<p>&nbsp;<\/p>\n<h3><strong><span style=\"color: #000000;\">Com heu viscut els canvis que el sector el\u00e8ctric ha experimentat tots aquest anys?<\/span><\/strong><\/h3>\n<p><span style=\"color: #000000;\">Quan vam n\u00e0ixer, l\u2019any 1999, la Lley 54\/1997 contemplava una liberalitzaci\u00f3 gradual del mercat que finalitzava l\u2019any 2012 pel segment dom\u00e8stic. Vam anar superant totes les etapes. Ha estat un viatge apassionant.<\/span><\/p>\n<p><span style=\"color: #000000;\">L\u2019any 2000 vam tenir el primer client. Aquell mateix any vam ser els primers d\u2019Espanya en fer un contracte de cobertura de preus amb Enron, que ja no existeix. I l\u2019any 2001, vam crear un producte indexat al mercat majorista que \u00e9s que actualment tenen els consumidors que estan al mercat regulat. Ha estat una experi\u00e8ncia molt intensa.<\/span><\/p>\n<p>&nbsp;<\/p>\n<h3><strong><span style=\"color: #000000;\">En qu\u00e8 baseu la vostra proposta d\u2019energia i preu?<\/span><\/strong><\/h3>\n<p><span style=\"color: #000000;\">Oferim un preu competitiu i una s\u00e8rie de serveis, especialment a la petita i mitjana empresa, orientats a l\u2019efici\u00e8ncia energ\u00e8tica, centrada en els h\u00e0bits de consum i la eliminaci\u00f3 de consums superflus.<\/span><\/p>\n<p>&nbsp;<\/p>\n<h3><strong><span style=\"color: #000000;\">Ens en pots explicar un cas pr\u00e0ctic?<\/span><\/strong><\/h3>\n<p><span style=\"color: #000000;\">Al segment dom\u00e8stic vam iniciar un projecte fa un parell d\u2019anys al que anomenem <strong>Factor Smarthome<\/strong>. En aquest context, vam fer un estudi que conclo\u00efa que una llar concreta amb una pot\u00e8ncia contractada de 4,4kW podria arribar a estalviar un 30%, l\u2019equivalent a 200 euros l\u2019any.<\/span><\/p>\n<p>&nbsp;<\/p>\n<h3><strong><span style=\"color: #000000;\">A la vostra publicitat oferiu energia verda. Es tota l\u2019energia que comercialitzeu o hi ha contractes espec\u00edfics?<\/span><\/strong><\/h3>\n<p><span style=\"color: #000000;\">El <strong>comprom\u00eds en la lluita contra el canvi clim\u00e0tic<\/strong> \u00e9s un valor fonamental de Factorenergia. Aix\u00f2 implica, en primer lloc, incentivar l\u2019efici\u00e8ncia energ\u00e8tica i, despr\u00e9s, promoure tot all\u00f2 que tingui a veure amb les energies renovables, \u00e9s a dir, el seu consum, el seu desenvolupament&#8230;<\/span><\/p>\n<p><span style=\"color: #000000;\">M\u00e9s recentment <strong>tamb\u00e9 estem molt bolcats en el cotxe el\u00e8ctric<\/strong> per\u00f2 sempre amb un enfocament de <strong>c\u00e0rrega lenta<\/strong>, perqu\u00e8 entenem que en el concepte de c\u00e0rrega r\u00e0pida l\u2019efici\u00e8ncia \u00e9s discutible. Pensem que el vehicle el\u00e8ctric \u00e9s un gran dest\u00ed per a l\u2019energia excedent que es genera de nit i afavoriria el desenvolupament de les renovables. S\u00f3n dos factors que es retro-alimenten.<\/span><\/p>\n<p>&nbsp;<\/p>\n<h3><strong><span style=\"color: #000000;\">Aleshores, nom\u00e9s comercialitzeu energia renovable?<\/span><\/strong><\/h3>\n<p><span style=\"color: #000000;\">No, comercialitzem energia amb el nostre propi mix, que \u00e9s bastant verd. Per\u00f2 a tot aquell consumidor que tingui consci\u00e8ncia mediambiental li <strong>oferim energia verda certificada<\/strong>.<\/span><\/p>\n<p>&nbsp;<\/p>\n<h3><strong><span style=\"color: #000000;\">Una fam\u00edlia que t\u00e9 un contracte PVPC, pot contractar amb vosaltres mantenint el seu tipus de contracte de tarifa regulada?<\/span><\/strong><\/h3>\n<p><span style=\"color: #000000;\">S\u00ed. Oferim dos tipus de contractes. Un <strong>contracte equivalent al PVPC<\/strong> que \u00e9s una <a href=\"https:\/\/www.factorenergia.com\/ca\/llum\/tarifa-variable\/\" target=\"_blank\" rel=\"noopener\">tarifa variable<\/a> i un contracte de preu fix. En aquests dies, en qu\u00e8 s\u2019estan donant preus de l\u2019electricitat molt elevats, s\u2019est\u00e0 valorant molt tenir un preu fix, per\u00f2 tamb\u00e9 s\u2019ha de ser conscients que l\u2019any passat, quan el preu de l\u2019energia va ser particularment baix, els consumidors amb preu variable haguessin pagat menys.<\/span><\/p>\n<p><span style=\"color: #000000;\">De totes maneres, l\u2019\u00fanic que ens pot agradar, com Factor Energia, del PVPC variable, \u00e9s que el consumidor t\u00e9 la possibilitat de fer una <strong>gesti\u00f3 proactiva de la pr\u00f2pia demanda<\/strong>; modular el seu consum.<\/span><\/p>\n<p>&nbsp;<\/p>\n<h3><strong><span style=\"color: #000000;\">Si un usuari t\u00e9 un contracte lliure amb Factor Energia i veu que no li interessa al cap del temps, pot tornar a contractar la seva anterior tariga PVPC amb Factor Energia? En quin termini?<\/span><\/strong><\/h3>\n<p><span style=\"color: #000000;\">S\u00ed i des del primer moment perqu\u00e8 amb nosaltres el client <strong>no t\u00e9 perman\u00e8ncia<\/strong> (si contracta directament amb nosaltres per tel\u00e8fon o web).<\/span><\/p>\n<p>&nbsp;<\/p>\n<h3><strong><span style=\"color: #000000;\">A milers d\u2019usuaris els estan refacturant per suposades irregularitats als seus comptadors. La companyia els carrega directament mils d\u2019euros sense avisa. Quina \u00e9s la vostra experi\u00e8ncia en aquest tema i com actueu?<\/span><\/strong><\/h3>\n<p><span style=\"color: #000000;\">Sempre <strong>ho detecta la distribuidora<\/strong> perqu\u00e8 \u00e9s la responsable legal de la lectura. Aleshores, el que acostuma a fer en aquest cas \u00e9s obrir un expedient de frau i exigir-nos a nosaltres que refacturem al client.<\/span><\/p>\n<p><span style=\"color: #000000;\">Nosaltres assessorem al client perqu\u00e8 s\u2019han d\u2019acomplir una s\u00e8rie de requisits formals i no formals per tal d\u2019aixecar acta d\u2019inspecci\u00f3 a on es digui que un consumidor ha com\u00e8s frau.<\/span><\/p>\n<p><span style=\"color: #000000;\">S\u2019ha de confirmar que l\u2019acta est\u00e0 correctament firmada, que el distribu\u00efdor ho ha verificat tot i que els c\u00e0lculs que es facin\u00a0 de l\u2019energia no facturada siguin correctes.<\/span><\/p>\n<p><span style=\"color: #000000;\">La nostra experi\u00e8ncia \u00e9s molt curiosa perqu\u00e8 ens hem trobat tres casos en qu\u00e8 un consumidor ha estat v\u00edctima d\u2019un presumpte assessor energ\u00e8tic que li ha dit que li faria una s\u00e8rie d\u2019ajustaments a la seva instal\u00b7laci\u00f3 perqu\u00e8 estalvi\u00ef, i el que fa es manipular-li el comptador sense que ell ho s\u00e0piga.<\/span><\/p>\n<p>&nbsp;<\/p>\n<h3><strong><span style=\"color: #000000;\">Sou partidaris de la derogaci\u00f3 de \u201cl\u2019impost al sol\u201d pels autoconsumidors?<\/span><\/strong><\/h3>\n<p><span style=\"color: #000000;\">A Espanya el que es pret\u00e9n \u00e9s posar portes al camp. Hi ha una realitat a Alemanya o als Estats Units i \u00e9s que cada dos minuts alg\u00fa est\u00e0 posant en marca una instal\u00b7laci\u00f3 d\u2019autoconsum.<\/span><\/p>\n<p><span style=\"color: #000000;\"><strong>Som partidaris de l\u2019autoconsum i creiem que t\u00e9 molts avantatges<\/strong>. Som molt partidaris de la generaci\u00f3 distribu\u00efda i de que augmenti la generaci\u00f3 no controlada per les grans el\u00e8ctriques perqu\u00e8 al final atomitzem el mercat.<\/span><\/p>\n<p><span style=\"color: #000000;\">\u00c9s a dir, hi ha coses que s\u2019estan produint a Espanya que no tenen cap sentit, com el tema de \u201cl\u2019impost al sol\u201d. Aix\u00f2 no existeix en cap pa\u00eds del m\u00f3n.<\/span><\/p>\n<p>&nbsp;<\/p>\n<h3><strong><span style=\"color: #000000;\">No va l\u2019autoconsum en contra dels vostres interessos com a comercialitzadora?<\/span><\/strong><\/h3>\n<p><span style=\"color: #000000;\">Tot el contrari. L\u2019autoconsum no va en contra dels nostres interessos econ\u00f2mics. \u00c9s m\u00e9s, <strong>Factor Energia representa al mercat el\u00e8ctric a 1.700 petits productors fotovoltaics<\/strong>. Hi haur\u00e0 un autoconsum en illa per\u00f2 tamb\u00e9 un altre tipus d\u2019autoconsum en qu\u00e8 l\u2019autoproductor necessiti exportar energia a la xarxa a hores en qu\u00e8 no les necessita i, en aquests casos, les comercialitzadores podem ajudar al consumidor final.<\/span><\/p>\n<p>&nbsp;<\/p>\n","protected":false},"excerpt":{"rendered":"<p>EnergyNews ha entrevistat l\u2019Emili Rousaud, director general de Factor energia, que creu fermament en el que denomina els vectors del futur, com el cotxe el\u00e8ctric o l\u2019autoconsum.<\/p>\n","protected":false},"featured_media":0,"parent":0,"template":"","acf":{"fecha_de_la_entrada":"20170126","imagen_portada":2866,"categoria_blog":null,"tipo_de_distribuidora":null,"tiempo_lectura":"","banner_bool":false,"titulo_banner":"","texto_banner":"","texto_boton_banner":"","url_boton_banner":"","post_relacionados":""},"yoast_head":"<!-- This site is optimized with the Yoast SEO plugin v22.2 - https:\/\/yoast.com\/wordpress\/plugins\/seo\/ -->\n<title>Entrevista amb Energy News | factorenergia<\/title>\n<meta name=\"description\" content=\"Entrevista amb l\u2019Emili Rousaud, director de Factor energia. Creu en el que denomina els vectors del futur, com el cotxe el\u00e8ctric o l\u2019autoconsum.\" \/>\n<meta name=\"robots\" content=\"index, follow, max-snippet:-1, max-image-preview:large, max-video-preview:-1\" \/>\n<link rel=\"canonical\" href=\"https:\/\/www.factorenergia.com\/ca\/noticias\/emili-rousaud-energy-news\/\" \/>\n<meta name=\"twitter:card\" content=\"summary_large_image\" \/>\n<meta name=\"twitter:title\" content=\"Entrevista amb Energy News | factorenergia\" \/>\n<meta name=\"twitter:description\" content=\"Entrevista amb l\u2019Emili Rousaud, director de Factor energia. Creu en el que denomina els vectors del futur, com el cotxe el\u00e8ctric o l\u2019autoconsum.\" \/>\n<meta name=\"twitter:site\" content=\"@factorenergia\" \/>\n<meta name=\"twitter:label1\" content=\"Est. reading time\" \/>\n\t<meta name=\"twitter:data1\" content=\"5 minutes\" \/>\n<script type=\"application\/ld+json\" class=\"yoast-schema-graph\">{\"@context\":\"https:\/\/schema.org\",\"@graph\":[{\"@type\":\"WebPage\",\"@id\":\"https:\/\/www.factorenergia.com\/ca\/noticias\/emili-rousaud-energy-news\/\",\"url\":\"https:\/\/www.factorenergia.com\/ca\/noticias\/emili-rousaud-energy-news\/\",\"name\":\"Entrevista amb Energy News | factorenergia\",\"isPartOf\":{\"@id\":\"https:\/\/www.factorenergia.com\/es\/#website\"},\"datePublished\":\"2017-01-26T16:20:50+00:00\",\"dateModified\":\"2024-03-19T09:48:00+00:00\",\"description\":\"Entrevista amb l\u2019Emili Rousaud, director de Factor energia. Creu en el que denomina els vectors del futur, com el cotxe el\u00e8ctric o l\u2019autoconsum.\",\"breadcrumb\":{\"@id\":\"https:\/\/www.factorenergia.com\/ca\/noticias\/emili-rousaud-energy-news\/#breadcrumb\"},\"inLanguage\":\"ca\",\"potentialAction\":[{\"@type\":\"ReadAction\",\"target\":[\"https:\/\/www.factorenergia.com\/ca\/noticias\/emili-rousaud-energy-news\/\"]}]},{\"@type\":\"BreadcrumbList\",\"@id\":\"https:\/\/www.factorenergia.com\/ca\/noticias\/emili-rousaud-energy-news\/#breadcrumb\",\"itemListElement\":[{\"@type\":\"ListItem\",\"position\":1,\"name\":\"Portada\",\"item\":\"https:\/\/www.factorenergia.com\/ca\/\"},{\"@type\":\"ListItem\",\"position\":2,\"name\":\"Entrevista amb Energy News\"}]},{\"@type\":\"WebSite\",\"@id\":\"https:\/\/www.factorenergia.com\/es\/#website\",\"url\":\"https:\/\/www.factorenergia.com\/es\/\",\"name\":\"factorenergia\",\"description\":\"factorenergia\",\"potentialAction\":[{\"@type\":\"SearchAction\",\"target\":{\"@type\":\"EntryPoint\",\"urlTemplate\":\"https:\/\/www.factorenergia.com\/es\/?s={search_term_string}\"},\"query-input\":\"required name=search_term_string\"}],\"inLanguage\":\"ca\"}]}<\/script>\n<!-- \/ Yoast SEO plugin. -->","yoast_head_json":{"title":"Entrevista amb Energy News | factorenergia","description":"Entrevista amb l\u2019Emili Rousaud, director de Factor energia. Creu en el que denomina els vectors del futur, com el cotxe el\u00e8ctric o l\u2019autoconsum.","robots":{"index":"index","follow":"follow","max-snippet":"max-snippet:-1","max-image-preview":"max-image-preview:large","max-video-preview":"max-video-preview:-1"},"canonical":"https:\/\/www.factorenergia.com\/ca\/noticias\/emili-rousaud-energy-news\/","twitter_card":"summary_large_image","twitter_title":"Entrevista amb Energy News | factorenergia","twitter_description":"Entrevista amb l\u2019Emili Rousaud, director de Factor energia. Creu en el que denomina els vectors del futur, com el cotxe el\u00e8ctric o l\u2019autoconsum.","twitter_site":"@factorenergia","twitter_misc":{"Est. reading time":"5 minutes"},"schema":{"@context":"https:\/\/schema.org","@graph":[{"@type":"WebPage","@id":"https:\/\/www.factorenergia.com\/ca\/noticias\/emili-rousaud-energy-news\/","url":"https:\/\/www.factorenergia.com\/ca\/noticias\/emili-rousaud-energy-news\/","name":"Entrevista amb Energy News | factorenergia","isPartOf":{"@id":"https:\/\/www.factorenergia.com\/es\/#website"},"datePublished":"2017-01-26T16:20:50+00:00","dateModified":"2024-03-19T09:48:00+00:00","description":"Entrevista amb l\u2019Emili Rousaud, director de Factor energia. Creu en el que denomina els vectors del futur, com el cotxe el\u00e8ctric o l\u2019autoconsum.","breadcrumb":{"@id":"https:\/\/www.factorenergia.com\/ca\/noticias\/emili-rousaud-energy-news\/#breadcrumb"},"inLanguage":"ca","potentialAction":[{"@type":"ReadAction","target":["https:\/\/www.factorenergia.com\/ca\/noticias\/emili-rousaud-energy-news\/"]}]},{"@type":"BreadcrumbList","@id":"https:\/\/www.factorenergia.com\/ca\/noticias\/emili-rousaud-energy-news\/#breadcrumb","itemListElement":[{"@type":"ListItem","position":1,"name":"Portada","item":"https:\/\/www.factorenergia.com\/ca\/"},{"@type":"ListItem","position":2,"name":"Entrevista amb Energy News"}]},{"@type":"WebSite","@id":"https:\/\/www.factorenergia.com\/es\/#website","url":"https:\/\/www.factorenergia.com\/es\/","name":"factorenergia","description":"factorenergia","potentialAction":[{"@type":"SearchAction","target":{"@type":"EntryPoint","urlTemplate":"https:\/\/www.factorenergia.com\/es\/?s={search_term_string}"},"query-input":"required name=search_term_string"}],"inLanguage":"ca"}]}},"_links":{"self":[{"href":"https:\/\/www.factorenergia.com\/ca\/wp-json\/wp\/v2\/noticias-factorenerg\/2865"}],"collection":[{"href":"https:\/\/www.factorenergia.com\/ca\/wp-json\/wp\/v2\/noticias-factorenerg"}],"about":[{"href":"https:\/\/www.factorenergia.com\/ca\/wp-json\/wp\/v2\/types\/noticias-factorenerg"}],"wp:attachment":[{"href":"https:\/\/www.factorenergia.com\/ca\/wp-json\/wp\/v2\/media?parent=2865"}],"curies":[{"name":"wp","href":"https:\/\/api.w.org\/{rel}","templated":true}]}}