{"id":2600,"date":"2016-10-26T11:10:38","date_gmt":"2016-10-26T09:10:38","guid":{"rendered":"https:\/\/www.factorenergia.com\/ca\/?post_type=noticias-factorenerg&#038;p=2600"},"modified":"2016-10-26T11:11:31","modified_gmt":"2016-10-26T09:11:31","slug":"factorenergia-se-suma-al-rosa","status":"publish","type":"noticias-factorenerg","link":"https:\/\/www.factorenergia.com\/ca\/noticias\/factorenergia-se-suma-al-rosa\/","title":{"rendered":"Factorenergia se suma al rosa"},"content":{"rendered":"<p><span style=\"color: #000000;\">Aquesta vegada, la not\u00edcia \u00e9s d\u2019all\u00f2 m\u00e9s solid\u00e0ria. Ens encanta notificar que el Director General de Factor Energia, <strong>Emili Rousaud, forma part dels ambaixadors<\/strong> de mamapop, un concert ben\u00e8fic per la lluita contra el c\u00e0ncer.<\/span><\/p>\n<p><span style=\"color: #000000;\">En c\u00e0ncer de mama \u00e9s un tema molt seri\u00f3s del que afortunadament cada cop en sabem m\u00e9s. Per\u00f2 no \u00e9s suficient, i des de <span style=\"color: #ff99cc;\"><strong><a href=\"http:\/\/mamapop.cat\/\" target=\"_blank\" style=\"color: #ff99cc;\"><u>mamapop<\/u> <\/a><\/strong><\/span>li donen forma de concert des de 2014 per a reunir diners per la investigaci\u00f3 d\u2019aquest mal que afecta cada dia a m\u00e9s dones; per les que van lluitar, per les que lluiten actualment, i per les que lluitaran i ho aconseguiran.<\/span><\/p>\n<p><span style=\"color: #000000;\">Amb la fi de sensibilitzar, emocionar i passar una bona estona mentre contribu\u00efm a una molt bona causa, el <strong>dissabte 26 de novembre, a les 19h<\/strong> de la tarda a Lleida comen\u00e7ar\u00e0 l\u2019espectacle a on s\u2019interpretaran cl\u00e0ssics del Pop Rock internacional amb acompanyaments d\u2019orquestra simf\u00f2nica.<\/span><\/p>\n<p><span style=\"color: #000000;\">A Factorenergia ja tenim la nostra entrada, aconsegueix la teva i ajuda a aquesta recaptaci\u00f3 de fons. Estem molt i molt contents de poder estar entre les<strong> empreses solidaries<\/strong> col\u00b7laboradores i ambaixadors juntament amb personalitats com els periodistes Lu\u00eds del Olmo i Carles Capdevila. Des d\u2019aqu\u00ed, els desitgem la m\u00e9s grans de les sorts a l\u2019organitzaci\u00f3 i molt\u00edssima for\u00e7a a totes les lluitadores.<\/span><\/p>\n<p><span style=\"text-decoration: underline;\"><span style=\"color: #ff99cc;\"><strong><a href=\"https:\/\/www.facebook.com\/factorenergiacom\/\" target=\"_blank\" style=\"color: #ff99cc; text-decoration: underline;\">Suma\u2019t al rosa i a l\u2019energia positiva.<\/a><\/strong><\/span><\/span><\/p>\n","protected":false},"excerpt":{"rendered":"<p>Emili Rousaud, com a ambaixador, i Factorenergia com a empresa solid\u00e0ria, se sumen al rosa en la lluita contra el c\u00e0ncer de mama.<\/p>\n","protected":false},"featured_media":0,"parent":0,"template":"","acf":{"fecha_de_la_entrada":null,"imagen_portada":2606,"categoria_blog":null,"tipo_de_distribuidora":null,"tiempo_lectura":"","banner_bool":false,"titulo_banner":"","texto_banner":"","texto_boton_banner":"","url_boton_banner":"","post_relacionados":null},"yoast_head":"<!-- This site is optimized with the Yoast SEO plugin v22.2 - https:\/\/yoast.com\/wordpress\/plugins\/seo\/ -->\n<title>Suma&#039;t al rosa amb Mamapop. Lluita contra el c\u00e0ncer | Factorenergia<\/title>\n<meta name=\"description\" content=\"Emili Rousaud, com a ambaixador i Factorenergia com a empresa solid\u00e0ria, se sumen al rosa en la lluita contra el c\u00e0ncer de mama.\" \/>\n<meta name=\"robots\" content=\"index, follow, max-snippet:-1, max-image-preview:large, max-video-preview:-1\" \/>\n<link rel=\"canonical\" href=\"https:\/\/www.factorenergia.com\/ca\/noticias\/factorenergia-se-suma-al-rosa\/\" \/>\n<meta name=\"twitter:card\" content=\"summary_large_image\" \/>\n<meta name=\"twitter:title\" content=\"Suma&#039;t al rosa amb Mamapop. Lluita contra el c\u00e0ncer | Factorenergia\" \/>\n<meta name=\"twitter:description\" content=\"Emili Rousaud, com a ambaixador i Factorenergia com a empresa solid\u00e0ria, se sumen al rosa en la lluita contra el c\u00e0ncer de mama.\" \/>\n<meta name=\"twitter:site\" content=\"@factorenergia\" \/>\n<meta name=\"twitter:label1\" content=\"Est. reading time\" \/>\n\t<meta name=\"twitter:data1\" content=\"1 minute\" \/>\n<script type=\"application\/ld+json\" class=\"yoast-schema-graph\">{\"@context\":\"https:\/\/schema.org\",\"@graph\":[{\"@type\":\"WebPage\",\"@id\":\"https:\/\/www.factorenergia.com\/ca\/noticias\/factorenergia-se-suma-al-rosa\/\",\"url\":\"https:\/\/www.factorenergia.com\/ca\/noticias\/factorenergia-se-suma-al-rosa\/\",\"name\":\"Suma't al rosa amb Mamapop. Lluita contra el c\u00e0ncer | Factorenergia\",\"isPartOf\":{\"@id\":\"https:\/\/www.factorenergia.com\/es\/#website\"},\"datePublished\":\"2016-10-26T09:10:38+00:00\",\"dateModified\":\"2016-10-26T09:11:31+00:00\",\"description\":\"Emili Rousaud, com a ambaixador i Factorenergia com a empresa solid\u00e0ria, se sumen al rosa en la lluita contra el c\u00e0ncer de mama.\",\"breadcrumb\":{\"@id\":\"https:\/\/www.factorenergia.com\/ca\/noticias\/factorenergia-se-suma-al-rosa\/#breadcrumb\"},\"inLanguage\":\"ca\",\"potentialAction\":[{\"@type\":\"ReadAction\",\"target\":[\"https:\/\/www.factorenergia.com\/ca\/noticias\/factorenergia-se-suma-al-rosa\/\"]}]},{\"@type\":\"BreadcrumbList\",\"@id\":\"https:\/\/www.factorenergia.com\/ca\/noticias\/factorenergia-se-suma-al-rosa\/#breadcrumb\",\"itemListElement\":[{\"@type\":\"ListItem\",\"position\":1,\"name\":\"Portada\",\"item\":\"https:\/\/www.factorenergia.com\/ca\/\"},{\"@type\":\"ListItem\",\"position\":2,\"name\":\"Factorenergia se suma al rosa\"}]},{\"@type\":\"WebSite\",\"@id\":\"https:\/\/www.factorenergia.com\/es\/#website\",\"url\":\"https:\/\/www.factorenergia.com\/es\/\",\"name\":\"factorenergia\",\"description\":\"factorenergia\",\"potentialAction\":[{\"@type\":\"SearchAction\",\"target\":{\"@type\":\"EntryPoint\",\"urlTemplate\":\"https:\/\/www.factorenergia.com\/es\/?s={search_term_string}\"},\"query-input\":\"required name=search_term_string\"}],\"inLanguage\":\"ca\"}]}<\/script>\n<!-- \/ Yoast SEO plugin. -->","yoast_head_json":{"title":"Suma't al rosa amb Mamapop. Lluita contra el c\u00e0ncer | Factorenergia","description":"Emili Rousaud, com a ambaixador i Factorenergia com a empresa solid\u00e0ria, se sumen al rosa en la lluita contra el c\u00e0ncer de mama.","robots":{"index":"index","follow":"follow","max-snippet":"max-snippet:-1","max-image-preview":"max-image-preview:large","max-video-preview":"max-video-preview:-1"},"canonical":"https:\/\/www.factorenergia.com\/ca\/noticias\/factorenergia-se-suma-al-rosa\/","twitter_card":"summary_large_image","twitter_title":"Suma't al rosa amb Mamapop. Lluita contra el c\u00e0ncer | Factorenergia","twitter_description":"Emili Rousaud, com a ambaixador i Factorenergia com a empresa solid\u00e0ria, se sumen al rosa en la lluita contra el c\u00e0ncer de mama.","twitter_site":"@factorenergia","twitter_misc":{"Est. reading time":"1 minute"},"schema":{"@context":"https:\/\/schema.org","@graph":[{"@type":"WebPage","@id":"https:\/\/www.factorenergia.com\/ca\/noticias\/factorenergia-se-suma-al-rosa\/","url":"https:\/\/www.factorenergia.com\/ca\/noticias\/factorenergia-se-suma-al-rosa\/","name":"Suma't al rosa amb Mamapop. Lluita contra el c\u00e0ncer | Factorenergia","isPartOf":{"@id":"https:\/\/www.factorenergia.com\/es\/#website"},"datePublished":"2016-10-26T09:10:38+00:00","dateModified":"2016-10-26T09:11:31+00:00","description":"Emili Rousaud, com a ambaixador i Factorenergia com a empresa solid\u00e0ria, se sumen al rosa en la lluita contra el c\u00e0ncer de mama.","breadcrumb":{"@id":"https:\/\/www.factorenergia.com\/ca\/noticias\/factorenergia-se-suma-al-rosa\/#breadcrumb"},"inLanguage":"ca","potentialAction":[{"@type":"ReadAction","target":["https:\/\/www.factorenergia.com\/ca\/noticias\/factorenergia-se-suma-al-rosa\/"]}]},{"@type":"BreadcrumbList","@id":"https:\/\/www.factorenergia.com\/ca\/noticias\/factorenergia-se-suma-al-rosa\/#breadcrumb","itemListElement":[{"@type":"ListItem","position":1,"name":"Portada","item":"https:\/\/www.factorenergia.com\/ca\/"},{"@type":"ListItem","position":2,"name":"Factorenergia se suma al rosa"}]},{"@type":"WebSite","@id":"https:\/\/www.factorenergia.com\/es\/#website","url":"https:\/\/www.factorenergia.com\/es\/","name":"factorenergia","description":"factorenergia","potentialAction":[{"@type":"SearchAction","target":{"@type":"EntryPoint","urlTemplate":"https:\/\/www.factorenergia.com\/es\/?s={search_term_string}"},"query-input":"required name=search_term_string"}],"inLanguage":"ca"}]}},"_links":{"self":[{"href":"https:\/\/www.factorenergia.com\/ca\/wp-json\/wp\/v2\/noticias-factorenerg\/2600"}],"collection":[{"href":"https:\/\/www.factorenergia.com\/ca\/wp-json\/wp\/v2\/noticias-factorenerg"}],"about":[{"href":"https:\/\/www.factorenergia.com\/ca\/wp-json\/wp\/v2\/types\/noticias-factorenerg"}],"wp:attachment":[{"href":"https:\/\/www.factorenergia.com\/ca\/wp-json\/wp\/v2\/media?parent=2600"}],"curies":[{"name":"wp","href":"https:\/\/api.w.org\/{rel}","templated":true}]}}