{"id":23964,"date":"2023-11-08T10:39:45","date_gmt":"2023-11-08T08:39:45","guid":{"rendered":"https:\/\/www.factorenergia.com\/ca\/?post_type=noticias-factorenerg&#038;p=23964"},"modified":"2023-11-09T10:43:07","modified_gmt":"2023-11-09T08:43:07","slug":"factorenergia-situa-les-claus-de-la-sostenibilitat-energetica-en-el-smart-city-expo-world-congress","status":"publish","type":"noticias-factorenerg","link":"https:\/\/www.factorenergia.com\/ca\/noticias\/factorenergia-situa-les-claus-de-la-sostenibilitat-energetica-en-el-smart-city-expo-world-congress\/","title":{"rendered":"Factorenergia situa les claus de la sostenibilitat energ\u00e8tica en el Smart City Expo World Congress"},"content":{"rendered":"<p>&nbsp;<\/p>\n<p><strong>Factorenergia ha participat en el Congr\u00e9s Mundial Smart City Expo, en l&#8217;esdeveniment &#8216;Infraestructures net-zero: Utopia o realitat factible?&#8217;.<\/strong> En aquesta trobada, experts de l&#8217;OCDE, Sorigu\u00e9, UNCITI i de la Universitat de Toronto van abordar el desafiament energ\u00e8tic que enfronten les ciutats en el segle XXI i van discutir el futur energ\u00e8tic de les llars.<\/p>\n<p>&nbsp;<\/p>\n<p><strong><em>El 8 de novembre de 2023<\/em><\/strong>. \u2013 Antoni Franquesa, director del Departament de Transici\u00f3 Energ\u00e8tica, Vehicle El\u00e8ctric i Autoconsum de Factorenergia, ha participat com a ponent en la xerrada &#8216;Infraestructura net-zero: Utopia o realitat factible?&#8217;. En la seva intervenci\u00f3, Franquesa ha senyalat el paper de les comercialitzadores el\u00e8ctriques en la transici\u00f3 energ\u00e8tica, aix\u00ed com el desafiament d&#8217;oferir energia m\u00e9s neta a un preu just i competitiu en resposta a la demanda de solucions intel\u00b7ligents assequibles per part dels consumidors.<\/p>\n<p>&nbsp;<\/p>\n<p>Factorenergia compta amb una \u00e0mplia experi\u00e8ncia en el camp de l&#8217;autoconsum, secundada per un creixement del 600% en instal\u00b7lacions energ\u00e8tiques d&#8217;autoconsum entre 2021 i 2022, amb m\u00e9s de deu mil clients que han adoptat aquest model de consum m\u00e9s sostenible, responsable i eficient. Franquesa ha destacat la import\u00e0ncia d&#8217;un marc regulador clar i estable, especialment considerant que Espanya \u00e9s el pa\u00eds amb major radiaci\u00f3 solar d&#8217;Europa, la qual cosa impulsa la instal\u00b7laci\u00f3 de panells fotovoltaics per a l&#8217;autoprove\u00efment energ\u00e8tic en llars<\/p>\n<p>&nbsp;<\/p>\n<h4>La transici\u00f3 dels edificis cap a emissions netes-zero<\/h4>\n<p><strong>Antoni Franquesa<\/strong> ha assenyalat la import\u00e0ncia dels avan\u00e7os tecnol\u00f2gics per a aprofitar fonts d&#8217;energia renovables, aix\u00ed com l&#8217;\u00fas de materials ecol\u00f2gics i pr\u00e0ctiques de disseny sostenible. L&#8217;objectiu a llarg termini \u00e9s que cada habitatge generi la seva pr\u00f2pia energia, utilitzant solucions d&#8217;autoconsum que aprofitin l&#8217;energia solar i e\u00f2lica.<\/p>\n<p>&nbsp;<\/p>\n<p><strong>Factorenergia<\/strong> ha ressaltat la import\u00e0ncia de la digitalitzaci\u00f3 de l&#8217;energia i la promoci\u00f3 de solucions d&#8217;autoconsum col\u00b7lectiu, la qual cosa permet la generaci\u00f3 d&#8217;energia neta en ubicacions diferents a aquelles amb panells solars instal\u00b7lats. Aix\u00f2 facilita la descentralitzaci\u00f3 de la generaci\u00f3 i l&#8217;intercanvi d&#8217;energia entre diferents punts de subministrament.<\/p>\n<p>&nbsp;<\/p>\n<h4>Smart City Expo World Congress<\/h4>\n<p>\u00c9s un esdeveniment internacional organitzat per Fira de Barcelona, que ha reunit responsables p\u00fablics i privats, aix\u00ed com experts i professionals de diversos camps. El congr\u00e9s proporciona claus per a comprendre el desenvolupament i funcionament de les ciutats intel\u00b7ligents i abordar els desafiaments que enfrontaran les ciutats del futur.<\/p>\n<p>&nbsp;<\/p>\n","protected":false},"excerpt":{"rendered":"<p>Factorenergia ha participat en el Congr\u00e9s Mundial Smart City Expo, en l&#8217;esdeveniment &#8216;Infraestructures net-*zero: Utopia o realitat factible?&#8217;<\/p>\n","protected":false},"featured_media":0,"parent":0,"template":"","acf":{"fecha_de_la_entrada":"20231108","imagen_portada":23965,"categoria_blog":null,"tipo_de_distribuidora":null,"tiempo_lectura":"","banner_bool":false,"titulo_banner":"","texto_banner":"","texto_boton_banner":"","url_boton_banner":"","post_relacionados":""},"yoast_head":"<!-- This site is optimized with the Yoast SEO plugin v22.2 - https:\/\/yoast.com\/wordpress\/plugins\/seo\/ -->\n<title>Factorenergia situa les claus de la sostenibilitat energ\u00e8tica en el Smart City Expo World Congress | factorenergia<\/title>\n<meta name=\"description\" content=\"Factorenergia va participar en el Congr\u00e9s Mundial Smart City Expo, en l&#039;esdeveniment &#039;Infraestructures net-*zero: Utopia o realitat factible?&#039;\" \/>\n<meta name=\"robots\" content=\"index, follow, max-snippet:-1, max-image-preview:large, max-video-preview:-1\" \/>\n<link rel=\"canonical\" href=\"https:\/\/www.factorenergia.com\/ca\/noticias\/factorenergia-situa-les-claus-de-la-sostenibilitat-energetica-en-el-smart-city-expo-world-congress\/\" \/>\n<meta name=\"twitter:card\" content=\"summary_large_image\" \/>\n<meta name=\"twitter:title\" content=\"Factorenergia situa les claus de la sostenibilitat energ\u00e8tica en el Smart City Expo World Congress | factorenergia\" \/>\n<meta name=\"twitter:description\" content=\"Factorenergia va participar en el Congr\u00e9s Mundial Smart City Expo, en l&#039;esdeveniment &#039;Infraestructures net-*zero: Utopia o realitat factible?&#039;\" \/>\n<meta name=\"twitter:site\" content=\"@factorenergia\" \/>\n<meta name=\"twitter:label1\" content=\"Est. reading time\" \/>\n\t<meta name=\"twitter:data1\" content=\"2 minutes\" \/>\n<script type=\"application\/ld+json\" class=\"yoast-schema-graph\">{\"@context\":\"https:\/\/schema.org\",\"@graph\":[{\"@type\":\"WebPage\",\"@id\":\"https:\/\/www.factorenergia.com\/ca\/noticias\/factorenergia-situa-les-claus-de-la-sostenibilitat-energetica-en-el-smart-city-expo-world-congress\/\",\"url\":\"https:\/\/www.factorenergia.com\/ca\/noticias\/factorenergia-situa-les-claus-de-la-sostenibilitat-energetica-en-el-smart-city-expo-world-congress\/\",\"name\":\"Factorenergia situa les claus de la sostenibilitat energ\u00e8tica en el Smart City Expo World Congress | factorenergia\",\"isPartOf\":{\"@id\":\"https:\/\/www.factorenergia.com\/es\/#website\"},\"datePublished\":\"2023-11-08T08:39:45+00:00\",\"dateModified\":\"2023-11-09T08:43:07+00:00\",\"description\":\"Factorenergia va participar en el Congr\u00e9s Mundial Smart City Expo, en l'esdeveniment 'Infraestructures net-*zero: Utopia o realitat factible?'\",\"breadcrumb\":{\"@id\":\"https:\/\/www.factorenergia.com\/ca\/noticias\/factorenergia-situa-les-claus-de-la-sostenibilitat-energetica-en-el-smart-city-expo-world-congress\/#breadcrumb\"},\"inLanguage\":\"ca\",\"potentialAction\":[{\"@type\":\"ReadAction\",\"target\":[\"https:\/\/www.factorenergia.com\/ca\/noticias\/factorenergia-situa-les-claus-de-la-sostenibilitat-energetica-en-el-smart-city-expo-world-congress\/\"]}]},{\"@type\":\"BreadcrumbList\",\"@id\":\"https:\/\/www.factorenergia.com\/ca\/noticias\/factorenergia-situa-les-claus-de-la-sostenibilitat-energetica-en-el-smart-city-expo-world-congress\/#breadcrumb\",\"itemListElement\":[{\"@type\":\"ListItem\",\"position\":1,\"name\":\"Portada\",\"item\":\"https:\/\/www.factorenergia.com\/ca\/\"},{\"@type\":\"ListItem\",\"position\":2,\"name\":\"Factorenergia situa les claus de la sostenibilitat energ\u00e8tica en el Smart City Expo World Congress\"}]},{\"@type\":\"WebSite\",\"@id\":\"https:\/\/www.factorenergia.com\/es\/#website\",\"url\":\"https:\/\/www.factorenergia.com\/es\/\",\"name\":\"factorenergia\",\"description\":\"factorenergia\",\"potentialAction\":[{\"@type\":\"SearchAction\",\"target\":{\"@type\":\"EntryPoint\",\"urlTemplate\":\"https:\/\/www.factorenergia.com\/es\/?s={search_term_string}\"},\"query-input\":\"required name=search_term_string\"}],\"inLanguage\":\"ca\"}]}<\/script>\n<!-- \/ Yoast SEO plugin. -->","yoast_head_json":{"title":"Factorenergia situa les claus de la sostenibilitat energ\u00e8tica en el Smart City Expo World Congress | factorenergia","description":"Factorenergia va participar en el Congr\u00e9s Mundial Smart City Expo, en l'esdeveniment 'Infraestructures net-*zero: Utopia o realitat factible?'","robots":{"index":"index","follow":"follow","max-snippet":"max-snippet:-1","max-image-preview":"max-image-preview:large","max-video-preview":"max-video-preview:-1"},"canonical":"https:\/\/www.factorenergia.com\/ca\/noticias\/factorenergia-situa-les-claus-de-la-sostenibilitat-energetica-en-el-smart-city-expo-world-congress\/","twitter_card":"summary_large_image","twitter_title":"Factorenergia situa les claus de la sostenibilitat energ\u00e8tica en el Smart City Expo World Congress | factorenergia","twitter_description":"Factorenergia va participar en el Congr\u00e9s Mundial Smart City Expo, en l'esdeveniment 'Infraestructures net-*zero: Utopia o realitat factible?'","twitter_site":"@factorenergia","twitter_misc":{"Est. reading time":"2 minutes"},"schema":{"@context":"https:\/\/schema.org","@graph":[{"@type":"WebPage","@id":"https:\/\/www.factorenergia.com\/ca\/noticias\/factorenergia-situa-les-claus-de-la-sostenibilitat-energetica-en-el-smart-city-expo-world-congress\/","url":"https:\/\/www.factorenergia.com\/ca\/noticias\/factorenergia-situa-les-claus-de-la-sostenibilitat-energetica-en-el-smart-city-expo-world-congress\/","name":"Factorenergia situa les claus de la sostenibilitat energ\u00e8tica en el Smart City Expo World Congress | factorenergia","isPartOf":{"@id":"https:\/\/www.factorenergia.com\/es\/#website"},"datePublished":"2023-11-08T08:39:45+00:00","dateModified":"2023-11-09T08:43:07+00:00","description":"Factorenergia va participar en el Congr\u00e9s Mundial Smart City Expo, en l'esdeveniment 'Infraestructures net-*zero: Utopia o realitat factible?'","breadcrumb":{"@id":"https:\/\/www.factorenergia.com\/ca\/noticias\/factorenergia-situa-les-claus-de-la-sostenibilitat-energetica-en-el-smart-city-expo-world-congress\/#breadcrumb"},"inLanguage":"ca","potentialAction":[{"@type":"ReadAction","target":["https:\/\/www.factorenergia.com\/ca\/noticias\/factorenergia-situa-les-claus-de-la-sostenibilitat-energetica-en-el-smart-city-expo-world-congress\/"]}]},{"@type":"BreadcrumbList","@id":"https:\/\/www.factorenergia.com\/ca\/noticias\/factorenergia-situa-les-claus-de-la-sostenibilitat-energetica-en-el-smart-city-expo-world-congress\/#breadcrumb","itemListElement":[{"@type":"ListItem","position":1,"name":"Portada","item":"https:\/\/www.factorenergia.com\/ca\/"},{"@type":"ListItem","position":2,"name":"Factorenergia situa les claus de la sostenibilitat energ\u00e8tica en el Smart City Expo World Congress"}]},{"@type":"WebSite","@id":"https:\/\/www.factorenergia.com\/es\/#website","url":"https:\/\/www.factorenergia.com\/es\/","name":"factorenergia","description":"factorenergia","potentialAction":[{"@type":"SearchAction","target":{"@type":"EntryPoint","urlTemplate":"https:\/\/www.factorenergia.com\/es\/?s={search_term_string}"},"query-input":"required name=search_term_string"}],"inLanguage":"ca"}]}},"_links":{"self":[{"href":"https:\/\/www.factorenergia.com\/ca\/wp-json\/wp\/v2\/noticias-factorenerg\/23964"}],"collection":[{"href":"https:\/\/www.factorenergia.com\/ca\/wp-json\/wp\/v2\/noticias-factorenerg"}],"about":[{"href":"https:\/\/www.factorenergia.com\/ca\/wp-json\/wp\/v2\/types\/noticias-factorenerg"}],"wp:attachment":[{"href":"https:\/\/www.factorenergia.com\/ca\/wp-json\/wp\/v2\/media?parent=23964"}],"curies":[{"name":"wp","href":"https:\/\/api.w.org\/{rel}","templated":true}]}}