{"id":17406,"date":"2023-02-02T14:52:12","date_gmt":"2023-02-02T12:52:12","guid":{"rendered":"https:\/\/www.factorenergia.com\/ca\/?post_type=noticias-factorenerg&#038;p=17406"},"modified":"2025-09-25T11:54:25","modified_gmt":"2025-09-25T09:54:25","slug":"factorenergia-entrada-mercat-serbia","status":"publish","type":"noticias-factorenerg","link":"https:\/\/www.factorenergia.com\/ca\/noticias\/factorenergia-entrada-mercat-serbia\/","title":{"rendered":"Factorenergia avan\u00e7a en les negociacions amb S\u00e8rbia per a la seva entrada en aquest mercat"},"content":{"rendered":"<p style=\"text-align: justify;\"><em><strong>02 de febrer de 2023. &#8211;<\/strong><\/em> Factorenergia, la companyia comercialitzadora d&#8217;energia integral que subministra electricitat i gas natural a empreses i particulars, est\u00e0 avan\u00e7ant en les negociacions amb les autoritats de S\u00e8rbia per a entrar en aquest mercat i consolidar l&#8217;estrat\u00e8gia d&#8217;expansi\u00f3 internacional de la companyia.<\/p>\n<p>&nbsp;<\/p>\n<p style=\"text-align: justify;\">En aquest sentit, dimecres passat 1 de febrer, una delegaci\u00f3 de Factorenergia encap\u00e7alada pel fundador i CEO de l&#8217;empresa, <strong>Emilio Rousaud<\/strong>, es va despla\u00e7ar a Belgrad per a reunir-se amb el ministre d&#8217;Economia serbi, <strong>Rade Basta<\/strong>, i valorar les oportunitats d&#8217;inversi\u00f3 i de negoci al pa\u00eds.<\/p>\n<p>&nbsp;<\/p>\n<p style=\"text-align: justify;\">Des que S\u00e8rbia va obtenir la concessi\u00f3 com a pa\u00eds candidat a membre de ple dret de la Uni\u00f3 Europea, s&#8217;ha convertit en un atractiu dest\u00ed empresarial per a les companyies que desitgen expandir-se i captar nous mercats. En aquesta l\u00ednia, <strong>Factorenergia ha mostrat el seu inter\u00e8s a iniciar les seves activitats al pa\u00eds balc\u00e0nic<\/strong> que actualment lidera les inversions estrangeres en tota la regi\u00f3.<\/p>\n<p>&nbsp;<\/p>\n<p style=\"text-align: justify;\">En paraules d&#8217;Emilio Rousaud, fundador i CEO de Factorenergia: \u201cL<em>a nostra aposta per operar en nous pa\u00efsos mostra el comprom\u00eds de la companyia per la sostenibilitat i la transici\u00f3 energ\u00e8tica a nivell internacional. S\u00e8rbia \u00e9s un mercat amb gran potencial i compartim amb les autoritats d&#8217;aquest pa\u00eds el prop\u00f2sit d&#8217;avan\u00e7ar cap a un model energ\u00e8tic m\u00e9s sostenible<\/em>\u201d.<\/p>\n<p>&nbsp;<\/p>\n<p style=\"text-align: justify;\">El ministre d&#8217;Economia serbi, Rade Basta, va reafirmar el seu comprom\u00eds a donar suport a aquesta mena d&#8217;iniciatives, aix\u00ed com garantir les condicions \u00f2ptimes per a les empreses que tinguin la intenci\u00f3 de fer negocis al pa\u00eds: \u201c<em>\u00c9s extremadament important que brindem suport a llarg termini als inversors en la implementaci\u00f3 de les seves intencions comercials, tenint en compte que S\u00e8rbia ofereix un entorn comercial estable i un gran potencial de mercat<\/em>\u201d.<\/p>\n<p>&nbsp;<\/p>\n<p style=\"text-align: justify;\">La possible entrada de Factorenergia a S\u00e8rbia formar\u00e0 part del <strong>proc\u00e9s d&#8217;internacionalitzaci\u00f3 de la companyia<\/strong>, despr\u00e9s de la seva expansi\u00f3 a M\u00e8xic (2017), Portugal (2019), Bulg\u00e0ria (2021) i la m\u00e9s recent a Xile (2022).<\/p>\n","protected":false},"excerpt":{"rendered":"<p>02 de febrer de 2023. &#8211; Factorenergia, la companyia comercialitzadora d&#8217;energia integral que subministra electricitat i gas natural a empreses i particulars, est\u00e0 avan\u00e7ant en les negociacions amb les autoritats de S\u00e8rbia per a entrar en aquest mercat i consolidar l&#8217;estrat\u00e8gia d&#8217;expansi\u00f3 internacional de la companyia. &nbsp; En aquest sentit, dimecres passat 1 de febrer, [&hellip;]<\/p>\n","protected":false},"featured_media":0,"parent":0,"template":"","acf":{"fecha_de_la_entrada":"20230202","imagen_portada":30081,"categoria_blog":null,"tipo_de_distribuidora":null,"tiempo_lectura":"","banner_bool":false,"titulo_banner":"","texto_banner":"","texto_boton_banner":"","url_boton_banner":"","post_relacionados":""},"yoast_head":"<!-- This site is optimized with the Yoast SEO plugin v22.2 - https:\/\/yoast.com\/wordpress\/plugins\/seo\/ -->\n<title>Factorenergia avan\u00e7a en les negociacions amb S\u00e8rbia per a la seva entrada en aquest mercat | factorenergia<\/title>\n<meta name=\"robots\" content=\"index, follow, max-snippet:-1, max-image-preview:large, max-video-preview:-1\" \/>\n<link rel=\"canonical\" href=\"https:\/\/www.factorenergia.com\/ca\/noticias\/factorenergia-entrada-mercat-serbia\/\" \/>\n<meta name=\"twitter:card\" content=\"summary_large_image\" \/>\n<meta name=\"twitter:title\" content=\"Factorenergia avan\u00e7a en les negociacions amb S\u00e8rbia per a la seva entrada en aquest mercat | factorenergia\" \/>\n<meta name=\"twitter:site\" content=\"@factorenergia\" \/>\n<meta name=\"twitter:label1\" content=\"Est. reading time\" \/>\n\t<meta name=\"twitter:data1\" content=\"2 minutes\" \/>\n<script type=\"application\/ld+json\" class=\"yoast-schema-graph\">{\"@context\":\"https:\/\/schema.org\",\"@graph\":[{\"@type\":\"WebPage\",\"@id\":\"https:\/\/www.factorenergia.com\/ca\/noticias\/factorenergia-entrada-mercat-serbia\/\",\"url\":\"https:\/\/www.factorenergia.com\/ca\/noticias\/factorenergia-entrada-mercat-serbia\/\",\"name\":\"Factorenergia avan\u00e7a en les negociacions amb S\u00e8rbia per a la seva entrada en aquest mercat | factorenergia\",\"isPartOf\":{\"@id\":\"https:\/\/www.factorenergia.com\/es\/#website\"},\"datePublished\":\"2023-02-02T12:52:12+00:00\",\"dateModified\":\"2025-09-25T09:54:25+00:00\",\"breadcrumb\":{\"@id\":\"https:\/\/www.factorenergia.com\/ca\/noticias\/factorenergia-entrada-mercat-serbia\/#breadcrumb\"},\"inLanguage\":\"ca\",\"potentialAction\":[{\"@type\":\"ReadAction\",\"target\":[\"https:\/\/www.factorenergia.com\/ca\/noticias\/factorenergia-entrada-mercat-serbia\/\"]}]},{\"@type\":\"BreadcrumbList\",\"@id\":\"https:\/\/www.factorenergia.com\/ca\/noticias\/factorenergia-entrada-mercat-serbia\/#breadcrumb\",\"itemListElement\":[{\"@type\":\"ListItem\",\"position\":1,\"name\":\"Portada\",\"item\":\"https:\/\/www.factorenergia.com\/ca\/\"},{\"@type\":\"ListItem\",\"position\":2,\"name\":\"Factorenergia avan\u00e7a en les negociacions amb S\u00e8rbia per a la seva entrada en aquest mercat\"}]},{\"@type\":\"WebSite\",\"@id\":\"https:\/\/www.factorenergia.com\/es\/#website\",\"url\":\"https:\/\/www.factorenergia.com\/es\/\",\"name\":\"factorenergia\",\"description\":\"factorenergia\",\"potentialAction\":[{\"@type\":\"SearchAction\",\"target\":{\"@type\":\"EntryPoint\",\"urlTemplate\":\"https:\/\/www.factorenergia.com\/es\/?s={search_term_string}\"},\"query-input\":\"required name=search_term_string\"}],\"inLanguage\":\"ca\"}]}<\/script>\n<!-- \/ Yoast SEO plugin. -->","yoast_head_json":{"title":"Factorenergia avan\u00e7a en les negociacions amb S\u00e8rbia per a la seva entrada en aquest mercat | factorenergia","robots":{"index":"index","follow":"follow","max-snippet":"max-snippet:-1","max-image-preview":"max-image-preview:large","max-video-preview":"max-video-preview:-1"},"canonical":"https:\/\/www.factorenergia.com\/ca\/noticias\/factorenergia-entrada-mercat-serbia\/","twitter_card":"summary_large_image","twitter_title":"Factorenergia avan\u00e7a en les negociacions amb S\u00e8rbia per a la seva entrada en aquest mercat | factorenergia","twitter_site":"@factorenergia","twitter_misc":{"Est. reading time":"2 minutes"},"schema":{"@context":"https:\/\/schema.org","@graph":[{"@type":"WebPage","@id":"https:\/\/www.factorenergia.com\/ca\/noticias\/factorenergia-entrada-mercat-serbia\/","url":"https:\/\/www.factorenergia.com\/ca\/noticias\/factorenergia-entrada-mercat-serbia\/","name":"Factorenergia avan\u00e7a en les negociacions amb S\u00e8rbia per a la seva entrada en aquest mercat | factorenergia","isPartOf":{"@id":"https:\/\/www.factorenergia.com\/es\/#website"},"datePublished":"2023-02-02T12:52:12+00:00","dateModified":"2025-09-25T09:54:25+00:00","breadcrumb":{"@id":"https:\/\/www.factorenergia.com\/ca\/noticias\/factorenergia-entrada-mercat-serbia\/#breadcrumb"},"inLanguage":"ca","potentialAction":[{"@type":"ReadAction","target":["https:\/\/www.factorenergia.com\/ca\/noticias\/factorenergia-entrada-mercat-serbia\/"]}]},{"@type":"BreadcrumbList","@id":"https:\/\/www.factorenergia.com\/ca\/noticias\/factorenergia-entrada-mercat-serbia\/#breadcrumb","itemListElement":[{"@type":"ListItem","position":1,"name":"Portada","item":"https:\/\/www.factorenergia.com\/ca\/"},{"@type":"ListItem","position":2,"name":"Factorenergia avan\u00e7a en les negociacions amb S\u00e8rbia per a la seva entrada en aquest mercat"}]},{"@type":"WebSite","@id":"https:\/\/www.factorenergia.com\/es\/#website","url":"https:\/\/www.factorenergia.com\/es\/","name":"factorenergia","description":"factorenergia","potentialAction":[{"@type":"SearchAction","target":{"@type":"EntryPoint","urlTemplate":"https:\/\/www.factorenergia.com\/es\/?s={search_term_string}"},"query-input":"required name=search_term_string"}],"inLanguage":"ca"}]}},"_links":{"self":[{"href":"https:\/\/www.factorenergia.com\/ca\/wp-json\/wp\/v2\/noticias-factorenerg\/17406"}],"collection":[{"href":"https:\/\/www.factorenergia.com\/ca\/wp-json\/wp\/v2\/noticias-factorenerg"}],"about":[{"href":"https:\/\/www.factorenergia.com\/ca\/wp-json\/wp\/v2\/types\/noticias-factorenerg"}],"wp:attachment":[{"href":"https:\/\/www.factorenergia.com\/ca\/wp-json\/wp\/v2\/media?parent=17406"}],"curies":[{"name":"wp","href":"https:\/\/api.w.org\/{rel}","templated":true}]}}